{"id":1057,"date":"2011-07-29T08:35:08","date_gmt":"2011-07-29T08:35:08","guid":{"rendered":"http:\/\/kpv.rs\/?p=1057"},"modified":"2011-11-22T23:15:37","modified_gmt":"2011-11-22T23:15:37","slug":"solarna-rerna-%e2%80%9ckomplikus%e2%80%9d","status":"publish","type":"post","link":"http:\/\/kpv.rs\/?p=1057","title":{"rendered":"Solarna rerna \u201cKomplikus\u201d"},"content":{"rendered":"<p><a href=\"http:\/\/kpv.rs\/wp-content\/uploads\/2011\/07\/Grad-1.jpg\"><img decoding=\"async\" loading=\"lazy\" class=\"alignleft size-medium wp-image-1058\" title=\"Grad 1\" src=\"http:\/\/kpv.rs\/wp-content\/uploads\/2011\/07\/Grad-1-281x300.jpg\" alt=\"\" width=\"199\" height=\"213\" srcset=\"http:\/\/kpv.rs\/wp-content\/uploads\/2011\/07\/Grad-1-281x300.jpg 281w, http:\/\/kpv.rs\/wp-content\/uploads\/2011\/07\/Grad-1.jpg 400w\" sizes=\"(max-width: 199px) 100vw, 199px\" \/><\/a>Solarna rerna je komplikovaniji ure\u0111aj od solarnih greja\u010da prostora koji su upotrebljivi ve\u0107 pri postizanju\u00a0 temperatura od 40 stepeni dok je solarna rerna upotrebljiva tek onda ako se postignu temperature od 80\u00b0C ili vi\u0161e. \u201eKomplikus\u201c uspeva da u posudi zapremine 2l zagreje do 110-130 stepeni celzijusa.<\/p>\n<p>Za razliku od prve rerne takozvane \u201cProbne rerne\u201d ,\u201dKomplikus\u201d nije nastao preko no\u0107i a va\u017eno je spomenuti i finansijski aspekt. Za probnu rernu\u00a0 bilo je potrebno\u00a0 nekih 10-15 evra dok je\u00a0 u \u201ckomplikus\u201d rernu ulo\u017eeno oko 120-150e i daleko vi\u0161e radnih \u010dasova. Ispitivanja pokazuju da je ve\u0107 sa 1m2 osun\u010dane povr\u0161ine solarne rerne mogu\u0107a prakti\u010dna primena.<!--more--><\/p>\n<p>Na internetu su postavljeni video- klipovi o gradnji i funkciji ovih ure\u0111aja a u prethodnom broju KPV-a moglo se\u00a0 pro\u010ditati obja\u0161njenje o\u00a0\u00a0 radu ovakvih uredjaja.<br \/>\nRazlika izme\u0111u ove rerne i probne je i u tome \u0161to ova fokusira sun\u010deve zrake sa jedne strane u ta\u010dku, dok je na probnoj\u00a0 sa svih strana. Mo\u017eemo primeniti da Komplikus tra\u017ei vi\u0161e pode\u0161avanja prema suncu u svom radu (otprilike na 7 minuta je potrebno vr\u0161iti korekcije polo\u017eaja) dok je kod \u201cProbne\u201d bilo dovoljno i jednom u 15 minuta korigovati polo\u017eaj u odnosu na sunce.<\/p>\n<p>&nbsp;<\/p>\n<p><a href=\"http:\/\/kpv.rs\/wp-content\/uploads\/2011\/07\/Grad-2.jpg\"><img decoding=\"async\" loading=\"lazy\" class=\"alignleft size-medium wp-image-1059\" title=\"Grad 2\" src=\"http:\/\/kpv.rs\/wp-content\/uploads\/2011\/07\/Grad-2-300x225.jpg\" alt=\"\" width=\"196\" height=\"148\" srcset=\"http:\/\/kpv.rs\/wp-content\/uploads\/2011\/07\/Grad-2-300x225.jpg 300w, http:\/\/kpv.rs\/wp-content\/uploads\/2011\/07\/Grad-2.jpg 696w\" sizes=\"(max-width: 196px) 100vw, 196px\" \/><\/a>IZGRADNJA RERNE: Uspeli smo nabaviti\u00a0 karton i po\u010deti\u00a0 sa radom. Projektovanje rebara za reflektivnu povr\u0161inu je\u00a0 i\u0161lo uz pomo\u0107\u00a0 oca koji je odli\u010dan majstor pa je prva rebra on\u00a0 projektovao.<\/p>\n<p>&nbsp;<\/p>\n<p>Kada su osnovna bila ise\u010dena ( 6\u00a0 u razli\u010ditih dimenzija) krenuli smo u proces umno\u017eavanja. Ukupan\u00a0\u00a0 broj\u00a0 je\u00a0 22\u00a0\u00a0 rebra (moglo\u00a0 se raditi\u00a0 i\u00a0 sa\u00a0 11, ali \u017eeleli smo da bude kvalitetnije ).<\/p>\n<p>Na rebrima je potrebno ise\u0107i mesta \u00a0na kojima \u0107e se me\u0111usobno\u00a0 uklapati. Uz mala sre\u0111ivanja struktura je izgledala prili\u010dno \u010dvrsto. Odlu\u010dili smo se\u00a0 za ne\u0161to komplikovaniju\u00a0 varijantu lepljenja reflektiv<a href=\"http:\/\/kpv.rs\/wp-content\/uploads\/2011\/07\/Grad-3.jpg\"><img decoding=\"async\" loading=\"lazy\" class=\"alignleft size-medium wp-image-1060\" title=\"Grad 3\" src=\"http:\/\/kpv.rs\/wp-content\/uploads\/2011\/07\/Grad-3-300x259.jpg\" alt=\"\" width=\"200\" height=\"172\" srcset=\"http:\/\/kpv.rs\/wp-content\/uploads\/2011\/07\/Grad-3-300x259.jpg 300w, http:\/\/kpv.rs\/wp-content\/uploads\/2011\/07\/Grad-3.jpg 622w\" sizes=\"(max-width: 200px) 100vw, 200px\" \/><\/a>ne povr\u0161ine za glavnu strukturu, prvo smo lepili na hamer kako bi dobili\u00a0 vi\u0161e manjih\u00a0 ali veoma glatkih deli\u0107a.<\/p>\n<p>Usledile su prve probe Komplikusa. Na slikama jo\u0161 nema stalak mada je u prvoj probi rerna nadma\u0161ila\u00a0 temperaturu \u201cprobne rerne\u201d i\u00a0 vec u 16 minutu svog rada presla 185\u00a8C. Zatim smo pre\u0161li na nesto ozbiljnije a to je posuda koja prima 2litra vode i na njoj ostvarili 130 stepeni. Znanja ste\u010dena u ovom projektu \u0107e biti primenjenja u gradnji jeftinih eko solarnih ku\u0107a.<a href=\"http:\/\/kpv.rs\/wp-content\/uploads\/2011\/07\/Grad-42.jpg\"><img decoding=\"async\" loading=\"lazy\" class=\"alignleft size-medium wp-image-1066\" title=\"Grad 4\" src=\"http:\/\/kpv.rs\/wp-content\/uploads\/2011\/07\/Grad-42-300x292.jpg\" alt=\"\" width=\"196\" height=\"191\" srcset=\"http:\/\/kpv.rs\/wp-content\/uploads\/2011\/07\/Grad-42-300x292.jpg 300w, http:\/\/kpv.rs\/wp-content\/uploads\/2011\/07\/Grad-42.jpg 475w\" sizes=\"(max-width: 196px) 100vw, 196px\" \/><\/a><\/p>\n<p>&nbsp;<\/p>\n<p>\u010cak je i u zimsko vreme mogu\u0107e spremanje \u010daja, bez problema reflektivna povr\u0161ina je dala dovoljno energije da se 2l vode zagreje na 100 stepeni.<\/p>\n<p>Prilog pripremili Arsenov Marjan i Marina\u00a0 Babi\u0107 E-Mail: \u00a0<a href=\"mailto:vatrenikrug@hotmail.com\">vatrenikrug@hotmail.com<\/a><\/p>\n<p>&nbsp;<\/p>\n<p><a href=\"http:\/\/www.youtube.com\/watch?v=XwETSwFmPTc\">http:\/\/www.youtube.com\/watch?v=XwETSwFmPTc<\/a><br \/>\nvideo objasnjenje 1 deo\u00a0\u00a0 <a href=\"http:\/\/www.youtube.com\/watch?v=EnzN0afUe7k\">http:\/\/www.youtube.com\/watch?v=EnzN0afUe7k<\/a><br \/>\nvideo objasnjenje 2 deo\u00a0\u00a0 <a href=\"http:\/\/www.youtube.com\/watch?v=CeoruOxC-Tw&amp;feature=related\">http:\/\/www.youtube.com\/watch?v=CeoruOxC-Tw&amp;feature=related<\/a><br \/>\nvideo objasnjenje 3 deo\u00a0\u00a0\u00a0 <a href=\"http:\/\/www.youtube.com\/watch?v=Mattqawl_K0\">http:\/\/www.youtube.com\/watch?v=Mattqawl_K0<\/a><\/p>\n<p>video objasnjenje 4 deo\u00a0\u00a0 <a href=\"http:\/\/www.youtube.com\/watch?v=1N3R_ixUM8c\">http:\/\/www.youtube.com\/watch?v=1N3R_ixUM8c<\/a><\/p>\n\n<div class=\"jwsharethis\">\nPodelite \u010dlanak: \n<br \/>\n<a href=\"mailto:?subject=Solarna%20rerna%20%E2%80%9CKomplikus%E2%80%9D&amp;body=http%3A%2F%2Fkpv.rs%2F%3Fp%3D1057\">\n<img src=\"http:\/\/kpv.rs\/wp-content\/plugins\/jw-share-this\/email.png\" alt=\"Podelite putem email-a\" \/>\n<\/a>\n<a target=\"_blank\" href=\"http:\/\/www.facebook.com\/sharer.php?u=http%3A%2F%2Fkpv.rs%2F%3Fp%3D1057&amp;t=Solarna+rerna+%E2%80%9CKomplikus%E2%80%9D\">\n<img src=\"http:\/\/kpv.rs\/wp-content\/plugins\/jw-share-this\/fb.png\" alt=\"Podelite ovaj tekst na facebook-u\" \/>\n<\/a>\n<a target=\"_blank\" href=\"http:\/\/twitter.com\/intent\/tweet?text=I+like+http%3A%2F%2Fkpv.rs%2F%3Fp%3D1057&amp;title=Solarna+rerna+%E2%80%9CKomplikus%E2%80%9D\">\n<img src=\"http:\/\/kpv.rs\/wp-content\/plugins\/jw-share-this\/twitter.png\" alt=\"Podelite putem Twitter-a\" \/>\n<\/a>\n<\/div>\n","protected":false},"excerpt":{"rendered":"<p>Solarna rerna je komplikovaniji ure\u0111aj od solarnih greja\u010da prostora koji su upotrebljivi ve\u0107 pri postizanju\u00a0 temperatura od 40 stepeni dok je solarna rerna upotrebljiva tek onda ako se postignu temperature od 80\u00b0C ili vi\u0161e. \u201eKomplikus\u201c uspeva da u posudi zapremine 2l zagreje do 110-130 stepeni celzijusa. Za razliku od prve rerne takozvane \u201cProbne rerne\u201d ,\u201dKomplikus\u201d [&hellip;]<\/p>\n","protected":false},"author":53,"featured_media":0,"comment_status":"open","ping_status":"open","sticky":false,"template":"","format":"standard","meta":[],"categories":[16,7],"tags":[],"_links":{"self":[{"href":"http:\/\/kpv.rs\/index.php?rest_route=\/wp\/v2\/posts\/1057"}],"collection":[{"href":"http:\/\/kpv.rs\/index.php?rest_route=\/wp\/v2\/posts"}],"about":[{"href":"http:\/\/kpv.rs\/index.php?rest_route=\/wp\/v2\/types\/post"}],"author":[{"embeddable":true,"href":"http:\/\/kpv.rs\/index.php?rest_route=\/wp\/v2\/users\/53"}],"replies":[{"embeddable":true,"href":"http:\/\/kpv.rs\/index.php?rest_route=%2Fwp%2Fv2%2Fcomments&post=1057"}],"version-history":[{"count":5,"href":"http:\/\/kpv.rs\/index.php?rest_route=\/wp\/v2\/posts\/1057\/revisions"}],"predecessor-version":[{"id":1423,"href":"http:\/\/kpv.rs\/index.php?rest_route=\/wp\/v2\/posts\/1057\/revisions\/1423"}],"wp:attachment":[{"href":"http:\/\/kpv.rs\/index.php?rest_route=%2Fwp%2Fv2%2Fmedia&parent=1057"}],"wp:term":[{"taxonomy":"category","embeddable":true,"href":"http:\/\/kpv.rs\/index.php?rest_route=%2Fwp%2Fv2%2Fcategories&post=1057"},{"taxonomy":"post_tag","embeddable":true,"href":"http:\/\/kpv.rs\/index.php?rest_route=%2Fwp%2Fv2%2Ftags&post=1057"}],"curies":[{"name":"wp","href":"https:\/\/api.w.org\/{rel}","templated":true}]}}