{"id":1725,"date":"2012-01-30T17:59:49","date_gmt":"2012-01-30T17:59:49","guid":{"rendered":"http:\/\/kpv.rs\/?p=1725"},"modified":"2012-02-11T06:27:46","modified_gmt":"2012-02-11T06:27:46","slug":"95-ljudi-se-ponasaju-kao-%e2%80%9ezivotinje-iz-stada%e2%80%9c","status":"publish","type":"post","link":"http:\/\/kpv.rs\/?p=1725","title":{"rendered":"95% ljudi se pona\u0161a kao \u201e\u017eivotinje stada\u201c"},"content":{"rendered":"<p><a href=\"http:\/\/kpv.rs\/wp-content\/uploads\/2012\/01\/95.jpg\"><img decoding=\"async\" loading=\"lazy\" class=\"alignleft size-full wp-image-1726\" title=\"95\" src=\"http:\/\/kpv.rs\/wp-content\/uploads\/2012\/01\/95.jpg\" alt=\"\" width=\"212\" height=\"212\" srcset=\"http:\/\/kpv.rs\/wp-content\/uploads\/2012\/01\/95.jpg 160w, http:\/\/kpv.rs\/wp-content\/uploads\/2012\/01\/95-150x150.jpg 150w\" sizes=\"(max-width: 212px) 100vw, 212px\" \/><\/a>\u201e\u017divotinja\u00a0 stada\u201c tim re\u010dima je Ni\u010de izrazio protest protiv vladaju\u0107eg gra\u0111anskog morala devetnaestog veka. \u2026\u201c danas u Evropu\u00a0 \u010dovek stada ima stav, kao da je on jedina dozvoljena vrsta ljudi, slave se njegove sposobnosti, osobine gde on pripitomljeno i pomirljivo koristi stadu, kao da su to istinske vrline\u2026\u201c<\/p>\n<p>Istra\u017eiva\u010dki projekat nau\u010dnika sa univerziteta Leeds u Velikoj Britaniji\u00a0 potvdjuje da se zaista kod ve\u0107ine ljudi\u00a0 pojavljuje tendencija da se pona\u0161aju kao predstavnici stada, \u0161to zna\u010di bez razmi\u0161ljanja slede masu tako kao da ne umeju da misle za sebe. U odredjenim situacijama ova tendencija mo\u017ee biti od koristi, recimo kod planiranja pe\u0161a\u010dkih tokova u saobra\u0107aju, ina\u010de ne daje previ\u0161e optimisti\u010dku sliku o \u010doveku.<br \/>\n<!--more--><br \/>\nStudija je pokazala da je ve\u0107\u00a0 manjina od pet procenata dovoljna da odredi pravac u kojem \u0107e se ljudska masa zaputiti, ostalih 95% ih\u00a0 slede a da i primete \u0161ta se de\u0161ava.<br \/>\nProf. Krause i njegov pomo\u0107nik Dier izveli su niz eksperimenata u kojima su dobrovoljci u grupama neorganizovano hodali kroz veliku halu. Pojedinci\u00a0 su me\u0111utim primili uputstva kuda da se kre\u0107u. U\u010desnici nisu smeli me\u0111usobno da komuniciraju ni da svesno uti\u010du na nekog.<br \/>\nU svim slu\u010dajevima se pokazalo da je ostatak sledio instruiranu osobu i samostalno formirao iza nje jednu zmijoliku strukturu .<br \/>\n\u201eSvako od nas je bio u situaciji u kojoj je bio pov\u010den od mase ljudi\u201c ka\u017ee prof. Krause \u201eU na\u0161em projektu je najinteresantnije da su se u\u010desnici jednako opredelili iako se nisu sporazumevali govorom ni gestovima. Uglavnom nisu ni prime\u0107ivali da su vo\u0111eni od nekog drugog.\u201c<\/p>\n<p>To je ve\u0107 zabrinjavaju\u0107e samo po sebi.\u00a0 Zar smo kao neke \u017eivotinje iz stada da prepu\u0161tamo \u201eobave\u0161tenima\u201c da\u00a0 nas vode, a da ne znamo uop\u0161te \u0161ta se zbiva?\u00a0 Na\u017ealost, obzirom\u00a0 na to koliko ljudi bude povedeno\u00a0 za prijateljima,\u00a0 \u201einformisanim izvorima\u201c,\u00a0 piramidalnim sistemima, religioznim ili politi\u010dkim\u00a0 \u0161arlatanima\u00a0 svih vrsta, nacionalnim vo\u0111ama&#8230;. odgovor je potvrdan. Po svemu sude\u0107i verujemo svemu ili toleri\u0161emo slepo dokle god se ne\u0161to poklapa sa dru\u0161tvenim normama.<\/p>\n<p>Svako mo\u017ee ne\u0161to u\u010diniti da ne \u017eivi kao predstavnik\u00a0 krda, ve\u0107 da sebi priu\u0161ti ispunjen sopstveni \u017eivot. Slede neke osnovne postavke koje \u010dovek iz stada propu\u0161ta kako\u00a0 preporu\u010duje Majk Bundrant<\/p>\n<p><strong>Ustanovite \u010dvrsto, \u0161ta o\u010dekujete od sopstvenog \u017eivota<\/strong><br \/>\nU 25-godi\u0161njoj praksi kao u\u010ditelj neurolingvisti\u010dkog programiranja (NLP), hiljadama\u00a0 ljudi je postavljeno\u00a0 pitanje:\u00a0 <em>\u0160ta vi\u00a0 ho\u0107ete ? <\/em>Uvek sam bio iznova iznena\u0111en koliko malo ljudi ima odgovor.<br \/>\n<em>Koji su va\u0161i najva\u017eniji ciljevi? U kom pravcu se upravljate? Kako \u017eelite da stojite za pet godina?<\/em><br \/>\nNaj\u010de\u0161\u0107i odgovor bio je: <em>Ne znam, vide\u0107emo.<\/em><br \/>\nUglavnom je jedan od desetoro bio mogao dati odgovor kao:<br \/>\nTri moja najva\u017enija cilja su trenutno&#8230;.<br \/>\nZa pet godina \u0107e moj \u017eivot izgledati druga\u010dije, i to&#8230;<br \/>\nNajve\u0107e prepreke na mom putu su slede\u0107e&#8230;<br \/>\nDa bi postigao svoj cilj moram razviti slede\u0107e sposobnosti&#8230;<\/p>\n<p>Niko ne mo\u017ee\u00a0 da predvidi budu\u0107nost, ali u mnogim aspektima je bolje svesno se uputiti u jednu izabranu budu\u0107nost nego \u010dekati \u201e\u0161ta \u0107e da bude\u201c. Ukoliko sami ne izaberete svoje ciljeve, svesno ili nesvesno \u0107e\u00a0 to u\u010diniti za vas porodica, prijatelji, zajednica i kultura.<br \/>\n<strong>Nau\u010dite da donosite svesne i obuhvatne odluke<\/strong><br \/>\nMnogi na\u0161i izbori nisu dobro promi\u0161ljeni. Kod\u00a0 lo\u0161ih ili impulsivnih odluka ili \u010dak problemati\u010dnih uvek nedostaje neki aspekt. Donosimo nagle, impulsivne ili emocionalne odluke\u00a0 a da ne razmislimo o drugim mogu\u0107nostima. Ili se zapetljavamo u misaone konce bez izlaza u beskrajni\u00a0 unutra\u0161nji dijalog.<\/p>\n<p>U svim slu\u010dajevima smo prepu\u0161teni tu\u0111oj volji bez ikakve za\u0161tite, jer nam nedostaje osnova za odr\u017eive odluke. Ukoliko nismo u stanju da o odlukama raspravljamo ili ih analiziramo,\u00a0 lako \u0107emo primiti ne\u010diju tu\u0111u procenu zdravo za gotovo. Ako naginjemo emotivnim izborima u opasnosti smo da budemo \u017ertva svakoga ko nam uzburka ose\u0107anja. Ako svoju misao ne dovedemo kraju sa ose\u0107ajem samopouzdanja, radimo verovatno ono \u0161to i svi ostali da bi se oslobodili unutra\u0161njih\u00a0 beskrajnih \u010dvorova.<br \/>\nNeobi\u010dno je da se u na\u0161im sistemima obrazovanja ne u\u010di kako\u00a0 da se postave ciljevi i donose odluke. Jer to je ono \u0161to poma\u017ee da se postavi \u010dvrsta osnova li\u010dnosti i karaktera i \u0161titi nas zavisnosti od tu\u0111ih predstava i mi\u0161ljenja.<\/p>\n<p>Link: PsychCentral<\/p>\n<p>Branka Mraz<\/p>\n\n<div class=\"jwsharethis\">\nPodelite \u010dlanak: \n<br \/>\n<a href=\"mailto:?subject=95%25%20ljudi%20se%20pona%C5%A1a%20kao%20%E2%80%9E%C5%BEivotinje%20stada%E2%80%9C&amp;body=http%3A%2F%2Fkpv.rs%2F%3Fp%3D1725\">\n<img src=\"http:\/\/kpv.rs\/wp-content\/plugins\/jw-share-this\/email.png\" alt=\"Podelite putem email-a\" \/>\n<\/a>\n<a target=\"_blank\" href=\"http:\/\/www.facebook.com\/sharer.php?u=http%3A%2F%2Fkpv.rs%2F%3Fp%3D1725&amp;t=95%25+ljudi+se+pona%C5%A1a+kao+%E2%80%9E%C5%BEivotinje+stada%E2%80%9C\">\n<img src=\"http:\/\/kpv.rs\/wp-content\/plugins\/jw-share-this\/fb.png\" alt=\"Podelite ovaj tekst na facebook-u\" \/>\n<\/a>\n<a target=\"_blank\" href=\"http:\/\/twitter.com\/intent\/tweet?text=I+like+http%3A%2F%2Fkpv.rs%2F%3Fp%3D1725&amp;title=95%25+ljudi+se+pona%C5%A1a+kao+%E2%80%9E%C5%BEivotinje+stada%E2%80%9C\">\n<img src=\"http:\/\/kpv.rs\/wp-content\/plugins\/jw-share-this\/twitter.png\" alt=\"Podelite putem Twitter-a\" \/>\n<\/a>\n<\/div>\n","protected":false},"excerpt":{"rendered":"<p>\u201e\u017divotinja\u00a0 stada\u201c tim re\u010dima je Ni\u010de izrazio protest protiv vladaju\u0107eg gra\u0111anskog morala devetnaestog veka. \u2026\u201c danas u Evropu\u00a0 \u010dovek stada ima stav, kao da je on jedina dozvoljena vrsta ljudi, slave se njegove sposobnosti, osobine gde on pripitomljeno i pomirljivo koristi stadu, kao da su to istinske vrline\u2026\u201c Istra\u017eiva\u010dki projekat nau\u010dnika sa univerziteta Leeds u [&hellip;]<\/p>\n","protected":false},"author":53,"featured_media":0,"comment_status":"open","ping_status":"open","sticky":false,"template":"","format":"standard","meta":[],"categories":[12,37],"tags":[],"_links":{"self":[{"href":"http:\/\/kpv.rs\/index.php?rest_route=\/wp\/v2\/posts\/1725"}],"collection":[{"href":"http:\/\/kpv.rs\/index.php?rest_route=\/wp\/v2\/posts"}],"about":[{"href":"http:\/\/kpv.rs\/index.php?rest_route=\/wp\/v2\/types\/post"}],"author":[{"embeddable":true,"href":"http:\/\/kpv.rs\/index.php?rest_route=\/wp\/v2\/users\/53"}],"replies":[{"embeddable":true,"href":"http:\/\/kpv.rs\/index.php?rest_route=%2Fwp%2Fv2%2Fcomments&post=1725"}],"version-history":[{"count":5,"href":"http:\/\/kpv.rs\/index.php?rest_route=\/wp\/v2\/posts\/1725\/revisions"}],"predecessor-version":[{"id":1801,"href":"http:\/\/kpv.rs\/index.php?rest_route=\/wp\/v2\/posts\/1725\/revisions\/1801"}],"wp:attachment":[{"href":"http:\/\/kpv.rs\/index.php?rest_route=%2Fwp%2Fv2%2Fmedia&parent=1725"}],"wp:term":[{"taxonomy":"category","embeddable":true,"href":"http:\/\/kpv.rs\/index.php?rest_route=%2Fwp%2Fv2%2Fcategories&post=1725"},{"taxonomy":"post_tag","embeddable":true,"href":"http:\/\/kpv.rs\/index.php?rest_route=%2Fwp%2Fv2%2Ftags&post=1725"}],"curies":[{"name":"wp","href":"https:\/\/api.w.org\/{rel}","templated":true}]}}