{"id":3177,"date":"2014-09-22T08:09:14","date_gmt":"2014-09-22T08:09:14","guid":{"rendered":"http:\/\/kpv.rs\/?p=3177"},"modified":"2015-08-22T13:26:28","modified_gmt":"2015-08-22T13:26:28","slug":"kontroverzna-energetika-rtnja-i-tesline-tehnologije","status":"publish","type":"post","link":"http:\/\/kpv.rs\/?p=3177","title":{"rendered":"Kontroverzna energetika Rtnja i Tesline Tehnologije"},"content":{"rendered":"<p lang=\"hr-HR\"><span style=\"font-family: Arial,sans-serif;\"><span style=\"font-size: small;\"><b><span style=\"background: #ffffff;\"><a href=\"http:\/\/kpv.rs\/wp-content\/uploads\/2014\/09\/RTanj-0.jpg\"><img decoding=\"async\" loading=\"lazy\" class=\"alignleft size-full wp-image-3178\" src=\"http:\/\/kpv.rs\/wp-content\/uploads\/2014\/09\/RTanj-0.jpg\" alt=\"RTanj 0\" width=\"302\" height=\"161\" srcset=\"http:\/\/kpv.rs\/wp-content\/uploads\/2014\/09\/RTanj-0.jpg 302w, http:\/\/kpv.rs\/wp-content\/uploads\/2014\/09\/RTanj-0-300x159.jpg 300w\" sizes=\"(max-width: 302px) 100vw, 302px\" \/><\/a>Pi\u0161e: dipl. in\u017e. Goran Marjanovi\u0107<\/span><\/b><\/span><\/span><\/p>\n<p><span style=\"color: #000000;\">\u2026<span style=\"font-family: Arial,sans-serif;\"><span style=\"font-size: small;\"><b>upotrebom konvencionalno-klasi\u010dnih mernih ure\u0111aja i merenjima po trenutno najsavremenijoj geomorfolo\u0161koj nau\u010dnoj metodologiji potvr\u0111eno je prisustvo energetskih polja strukturno veoma biskih \u201cNehercijanskim\u201d talasima Nikole Tesle\u2026.<\/b><\/span><\/span><\/span><\/p>\n<p><span style=\"font-family: Arial,sans-serif;\"><span style=\"font-size: small;\"><span style=\"background: #ffffff;\">Planina Rtanj, oduvek je plenila svojom lepotom a brojnim ljubiteljima prirode dobro su poznate sve blagodeti bistrih izvora, \u010distih voda, <\/span><\/span><\/span><span style=\"font-family: Arial,sans-serif;\"><span style=\"font-size: small;\">listopadne i \u010detinarske \u0161ume kao i raznovrsnog biljnog i \u017eivotinjskog sveta. Ipak, planina Rtanj, mnogima je poznata po \u010dudnim de\u0161avanjima i emanaciji nekih \u201cneobi\u010dnih energija\u201d, koje nau\u010dnici nazivaju \u201cenergetskim fenomenima\u201d a neki, orgonskom, \u010di, bio energijom i sli\u010dnim. Bilo kako bilo \u2013 mnogo je radoznalih istra\u017eiva\u010da prokrstarilo tom planinom uzdu\u017e i popreko istra\u017euju\u0107i je \u2013 svako na svoj na\u010din, raznim aparatima, tehnikom i metodom.<\/span><\/span><\/p>\n<p><!--more--><\/p>\n<p><span style=\"font-family: Arial,sans-serif;\"><span style=\"font-size: small;\">U okviru svojih redovnih aktivnosti, Centar za istra\u017eivanje i ekologiju \u201cDuh Rtnja\u201d u saradnji sa In\u017eenjerskim biroom Mraz, organizovao je tokom avgusta nova istra\u017eivanja ove \u2013 po mnogo \u010demu \u2013 kontroverzne planine. Na pet lokacija je izvr\u0161eno ukupno 38 merenja po MT (magneto teluric) metodologiji koja do sada nije kori\u0161\u0107ena u na\u0161im istra\u017eivanjima a omogu\u0107uje sasvim nove uvide u osobine i \u0107udi ove neobi\u010dne planine.<\/span><\/span><\/p>\n<p><span style=\"font-family: Arial,sans-serif;\"><span style=\"font-size: small;\"><span style=\"background: #ffffff;\">MT metoda je na\u010din elektromagnetnih ispitivanja u kojima se meri i registruje delovanje tzv. \u201cMagneto Telurskih struja\u201d (MT), odnosno varijacije povr\u0161inskih elektromagnetnih polja na zemlji (tellus &#8211; zemaljski) na razli\u010ditim frekvencijama.<\/span><\/span><\/span><\/p>\n<p><a href=\"http:\/\/kpv.rs\/wp-content\/uploads\/2014\/09\/RT-1.jpg\"><img decoding=\"async\" loading=\"lazy\" class=\"alignleft  wp-image-3179\" src=\"http:\/\/kpv.rs\/wp-content\/uploads\/2014\/09\/RT-1.jpg\" alt=\"RT 1\" width=\"512\" height=\"208\" srcset=\"http:\/\/kpv.rs\/wp-content\/uploads\/2014\/09\/RT-1.jpg 818w, http:\/\/kpv.rs\/wp-content\/uploads\/2014\/09\/RT-1-300x121.jpg 300w\" sizes=\"(max-width: 512px) 100vw, 512px\" \/><\/a><\/p>\n<p>&nbsp;<\/p>\n<p>&nbsp;<\/p>\n<p>&nbsp;<\/p>\n<p>&nbsp;<\/p>\n<p>&nbsp;<\/p>\n<p>&nbsp;<\/p>\n<p><span style=\"font-family: Arial,sans-serif;\"><span style=\"font-size: small;\"><span style=\"background: #ffffff;\">MT metod snima uzorke elektri\u010dnog i magnetnog polja u audio \u2013 frekventnom opsegu, oko 1 Hz do 27 kHz. Ovaj metod je detaljno obja\u0161njen u [1] . Izvori signala mogu biti ili ve\u0161ta\u010dki ili prirodni. Oprema koju mi trenutno koristimo u na\u0161im istra\u017eivanjima prilagodjena je za kori\u0161\u0107enje prirodnih izvora.<\/span><\/span><\/span><\/p>\n<p><span style=\"font-family: Arial,sans-serif;\"><span style=\"font-size: small;\"><span style=\"background: #ffffff;\">Solarna energija, sun\u010dev vetar, EM zra\u010denja \u0161irokog spektra koja dolaze sa Sunca, olujna elektri\u010dna pra\u017enjenja, turbulencije magme u unutra\u0161njosti zemlje su prirodni izvori koji izazivaju varijacije njenog magnetnog polja, \u0161to opet ima za posledicu pojavu elektri\u010dnih struja u zemljinoj kori. Telurske, tj. \u201czemaljske\u201d struje nastaju i iz ve\u0161ta\u010dkih izvora, brojnih radio i tv stanica i srodnih aparata, uklju\u010dujuc\u0301i i sve fabri\u010dke uredjaje i one za ku\u0107nu upotrebu kao i postrojenja za proizvodnju i distribuciju elektri\u010dne energije. Kombinacija svih ovih prirodnih i umjetnih izvora stvaraju jake \u201cMT\u201d signale u \u0161irokom UNF \/ LF, frekventnom spektru. Snimanje \u201cMT-odjeka\u201d iz vi\u0161e smerova, na razli\u010ditim lokacijama, i analizom registrovanih odnosa elektri\u010dnog i magnetnog polja, njihovih faznih pomeranja izazvanih razli\u010ditim brzinama prostiranja kroz razli\u010dite sredine (uglavnom) nehomogene strukture zemljine kore, omogu\u0107uje odre\u0111ivanje oblasti razli\u010dite elektri\u010dne i magnetne provodnosti, odnosno njenu anizotropiju i zapravo \u2013 geomorfolo\u0161ku strukturu.<\/span><\/span><\/span><\/p>\n<p><span style=\"font-family: Arial,sans-serif;\"><span style=\"font-size: small;\"><span style=\"background: #ffffff;\">Razli\u010dite stene, sedimenti, podzemne te\u010dnosti i geolo\u0161ke strukture imaju \u0161irok spektar razli\u010ditih elektri\u010dnih i magnetnih parametara. Merenje rezultatntnih polja, i analiza njihovog frekventnog spektra, intenziteta i faznih odnosa, omoguc\u0301uje nam da razlikujemo pojedine materijale i njihove oblike. Podaci o promeni faznih odnosa izmedju elektri\u010dne i magnetne komponente signala omoguc\u0301uje nam da defini\u0161emo geometriju nekog fenomena ispod zemljine povr\u0161ine \u0161to u velikoj meri mo\u017ee doprineti na\u0161em znanju o tektonskim procesima i geolo\u0161kim strukturama.<\/span><\/span><\/span><\/p>\n<p><span style=\"font-family: Arial,sans-serif;\"><span style=\"font-size: small;\"><span style=\"background: #ffffff;\">Merenja magnetnih polja u frekventnom opsegu od 1 Hz do pribli\u017eno 100 kHz, u kojima i mi obavljamo svoja merenja , uklju\u010duju audio &#8211; magnetotelluric ( AMT) opseg. Ovako veliki frekventni spektar omoguc\u0301uje i \u0161irok opseg penetracije u dubinu zemljine kore, od nekoliko metara do nekoliko kilometara ispod povr\u0161ine Zemlje. Obradom AMT podataka i kori\u0161\u0107enjem razli\u010ditih tehnika, pri \u010demu ni\u017ee frekvencije obi\u010dno odgovaraju vec\u0301oj dubini ispod zemlje, mogu se kreirati pod-povr\u0161inske mape terena.<\/span><\/span><\/span><\/p>\n<p><span style=\"font-family: Arial,sans-serif;\"><span style=\"font-size: small;\"><span style=\"background: #ffffff;\">U na\u0161im istra\u017eivanjima, ova metodologija prvenstveno nam slu\u017ei za detekciju energetskih fenomena i zra\u010denja srodnih energetskim vibracijama koje je Tesla nazivao Ne-Hercijanskim talasima.<\/span><\/span><\/span><\/p>\n<p><a href=\"http:\/\/kpv.rs\/wp-content\/uploads\/2014\/09\/RT-2.jpg\"><img decoding=\"async\" loading=\"lazy\" class=\"alignleft  wp-image-3180\" src=\"http:\/\/kpv.rs\/wp-content\/uploads\/2014\/09\/RT-2.jpg\" alt=\"RT 2\" width=\"326\" height=\"435\" srcset=\"http:\/\/kpv.rs\/wp-content\/uploads\/2014\/09\/RT-2.jpg 720w, http:\/\/kpv.rs\/wp-content\/uploads\/2014\/09\/RT-2-225x300.jpg 225w\" sizes=\"(max-width: 326px) 100vw, 326px\" \/><\/a><\/p>\n<p><span style=\"color: #000000;\"><span style=\"font-family: Arial,sans-serif;\"><span style=\"font-size: small;\">Naime, svojim izvornim jedna\u010dinama, J.C. Maxwell je opisao razne oblike propagacije elektromagnetnih talasa koji se mogu prostirati u vakumu ili u drugim sredinama. Teoriju je izlo\u017eio u formi kvaterniona, odnosno \u2013 hiperkompleksnih brojeva. Nakon njegove smrti, grupa nau\u010dnika na \u010dijem je \u010delu bio Oliver Hevisajd, smatraju\u0107i Maxwellove jedna\u010dine nepotrebno slo\u017eenim i komplikovanim za analizu, sveli su ih na jednostavniji, dimenziono ni\u017ei, vektorski oblik, u kojem se one \u2013 kao temelj savremenog elektromagnetizma &#8211; koriste i danas. Moderna interpretacija Maxwellove teorije izuzetno je pogodna za opis tzv. \u201cHercijanskih\u201d elektromagnetnih talasa, kod kojih elektri\u010dno i magnetno polje osciluju upravno jedno na drugo, a talas se prostire u pravcu upravnom na varijacije oba ta polja. Zbog toga se ovi talasi nazivaju transverzalno-vektorski talasi.<\/span><\/span><\/span><\/p>\n<p><span style=\"font-family: Arial,sans-serif;\"><span style=\"font-size: small;\">Na\u017ealost, ova varijanta matemati\u010dke interpretacije Maxwellove teorije, iako zaista lak\u0161a i podobnija za analizu i opis \u201cHercijanskih\u201d talasa, mnogo je manje pogodna za opis \u201cSkalarnih\u201d energetskih polja, odnosno tzv. \u201cLongitudinalnih\u201d elektrodinami\u010dkih vibracija koje osciluju u pravcu svog prostiranja.<\/span><\/span><\/p>\n<p><span style=\"font-family: Arial,sans-serif;\"><span style=\"font-size: small;\">Po mom mi\u0161ljenju, ovo je osnovni razlog nedovoljnog razumevanja Teslinih tehnologija koje su zasnovane ba\u0161 na talasima te vrste, zbog \u010dega ih je Nikola Tesla verovatno i nazivao \u201cNe-Hercijanskim\u201d, odnosno \u201ctalasima sasvim druge vrste\u201d. \u010cinjenica da kod longitudinalnih EM vibracija nije mogu\u0107e ograni\u010diti brzinu njihove propagacije, \u0161to zna\u010di da oni \u2013 za razliku od \u201ctransverzalno-vektorskih\u201d talasa &#8211; teorijski mogu dosti\u0107i proizvoljno veliku brzinu prostiranja, a \u0161to direktno protivure\u010di klju\u010dnom postulatu An\u0161tajnove teorije relativnosti \u2013 sigurno je jedan od osnovnih razloga \u201cpotiskivanja\u201d Teslinih tehnologija iz nauke, osporavanja i nepriznavanja prave veli\u010dine njegovog dela &#8211; kako u pro\u0161losti, tako i danas.<\/span><\/span><\/p>\n<p><span style=\"font-family: Arial,sans-serif;\"><span style=\"font-size: small;\">Ipak, saglasnost brojnih merenja i mogu\u0107nost obja\u0161njenja niza registrovanih energetskih fenomena na osnovu Teslinih principa i tuma\u010denja \u2013 osnovni su motiv za dalja istra\u017eivanja u tom smeru, uz kori\u0161\u0107enje savremene tehnike, po nau\u010dnoj metodologiji \u2013 ali &#8211; ostaju\u0107i \u201cNa Teslinom putu\u201d.<\/span><\/span><\/p>\n<p><span style=\"font-family: Arial,sans-serif;\"><span style=\"font-size: small;\"><span style=\"background: #ffffff;\">U tom smislu, ono \u0161to je sa aspekta na\u0161ih istra\u017eivanja najva\u017enije je \u010dinjenica da savremena interpretacija Maxwellove teorije \u2013 iako nedovoljno pogodna za opis longitudinalnih talasa &#8211; ipak dozvoljava njihovo postojanje pod odre\u0111enim okolnostima \/2\/: npr. u plazmi , u Dirakovom polarizovanom vakuumu , u zatvorenim prostorima (rezonantne \u0161upljine) itd.<\/span><\/span><\/span><\/p>\n<p><span style=\"font-family: Arial,sans-serif;\"><span style=\"font-size: small;\"><span style=\"background: #ffffff;\">Prema najnovijim istra\u017eivanjima Haifeng Vang i njegovog tima \/3\/, longitudinalni mod talasa je obrazac po kojem se formiraju stoje\u0107i talasi u zatvorenim, rezonantnim, \u0161upljinama. Longitudinalni modovi odgovaraju onim talasnim du\u017einama talasa poja\u010danih konstruktivnom (afirmativnom) interferencijom direktnog i reflektovanog talasa odbijenog od (reflektujuc\u0301e) povr\u0161ine rezonantne \u0161upljine. Nedavno, Haifeng Vang i tim su predlo\u017eili metod koji mo\u017ee da generi\u0161e longitudinalni elektromagnetni talas u slobodnom prostoru, pri \u010demu bi se ovaj talas prostirao nekoliko tasnih du\u017eina bez rasipanja.<\/span><\/span><\/span><\/p>\n<p><span style=\"font-family: Arial,sans-serif;\"><span style=\"font-size: small;\"><span style=\"background: #ffffff;\">Prema mojim vi\u0161egodi\u0161njim teorijskim i prakti\u010dnim istra\u017eivanjima, ba\u0161 i upravo ovu vrstu energetskih vibracija je koristio Nikola Tesla, nazivaju\u0107i ih \u201cNe-Hercijanskim talasima\u201d. Analiza je pokazala da oni u potpunosti odgovaraju osobinama i svojstvima Stabilnog objekte K9, Modela KGE, zbog \u010dega sam taj deo spektra energetskih vibracija nazvao: Teslini talasi \/4\/.<\/span><\/span><\/span><\/p>\n<p><span style=\"font-family: Arial,sans-serif;\"><span style=\"font-size: small;\"><span style=\"background: #ffffff;\">Kako je J.C. Maxwell, u svom radu \u201cA Dynamical Theory of the Electromagnetic Field\u201d, jo\u0161 davne 1865 godine pokazao u svojim jedna\u010dinama, elektri\u010dno i magnetno polje su uzrok i posledica jedno drugog i, prema postavkama Specijalne relativnosti, dva me\u0111usobno povezana aspekta jednog istog fenomena \u2013 kretanja naelektrisanja \/5\/ &#8211; nazvanog elektromagnetni tenzor. Razdvajanje ovog tenzora u elektri\u010dno i magnetno polje zavisi od relativne brzine posmatra\u010da i naelektrisanja.<\/span><\/span><\/span><\/p>\n<p><span style=\"font-family: Arial,sans-serif;\"><span style=\"font-size: small;\"><span style=\"background: #ffffff;\">Imajuc\u0301i u vidu navedena nau\u010dna tuma\u010denja, \u010dinjenica &#8211; da je u metodologiji merenja koju mi koristimo \u2013 merna sonda potpuno stacionarna, tj. nepomi\u010dna tokom merenja na datoj lokaciji, omoguc\u0301uje nam da pretpostavimo da je &#8211; u slu\u010daju detekcije nekoherentnih magnetnih i elektri\u010dnih frekventnih spektara \u2013 mnogo verovatnija mogu\u0107nost da se u tom slu\u010daju radi o longitudinalnim elektrodinami\u010dkim vibracijama, odnosno Teslinim talasima, nego o klasi\u010dnim Hercijanskim talasima.<\/span><\/span><\/span><\/p>\n<p><span style=\"font-family: Arial,sans-serif;\"><span style=\"font-size: small;\"><span style=\"background: #ffffff;\">Ukratko &#8211; detekcija zna\u010dajnije ne-korelativnosti u registrovanim frekventnim spektrima magnetnih i elektri\u010dnih polja &#8211; ukazuje na prisustvo elektromagnetnih fenomena, odnosno &#8211; energetskih tokova koji se mogu povezati sa Teslinim Ne-Hercijanskim talasima.<\/span><\/span><\/span><\/p>\n<p><span style=\"color: #000000;\"><span style=\"font-family: Arial,sans-serif;\"><span style=\"font-size: small;\"> Ilustracije radi, prokomentarisa\u0107emo nekoliko snimaka merenja izvr\u0161enih tokom nedavnih istra\u017eivanja planine Rtanj.<\/span><\/span><\/span><\/p>\n<p><span style=\"color: #000000;\"><span style=\"font-family: Arial,sans-serif;\"><span style=\"font-size: small;\"> Prvo merenje izvr\u0161eno je na putu za naselje Rtanj, na drvenom mosti\u0107u, neposredno iznad potoka kako bi testirali opremu i proverili mogu\u0107nosti primenjene metode. Ve\u0107 prvo merenje nedvosmisleno je opravdalo na\u0161a o\u010dekivanja.<\/span><\/span><\/span><\/p>\n<p><span style=\"color: #000000;\"><span style=\"font-family: Arial,sans-serif;\"><span style=\"font-size: small;\">Na snimku frekventnog spektra elektri\u010dnog polja u opsegu vrlo niskih frekvencija (500Hz\/div) jasno se vidi niz signala frekvencije od 0.1 do 3.5 kHz, prili\u010dno nagla\u0161ene amplitude (1V\/div), \u0161to se moglo i o\u010dekivati obzirom da je merna sonda bila veoma blizu vodenog toka. Nakon snimanja \u201cE\u201d spektra u jo\u0161 nekoliko opsega, izvr\u0161eno je i snimanje spektra magnetnog polja kojim je potvr\u0111eno postojanje \u201cte\u010dnog fluida\u201d \u2026<\/span><\/span><\/span><\/p>\n<p><span style=\"color: #000000;\"><span style=\"font-family: Arial,sans-serif;\"><span style=\"font-size: small;\"> Jedna od najinteresantnijih \u201cenergo-potentnih\u201d lokacija na Rtnju je svakako \u201cSvetili\u0161te\u201d, mesto kojem narodna tradicija, me\u0161tani i posetioci ukazuju veliko po\u0161tovanje, neki zbog narodnih predanja a neki i na osnovu li\u010dnog iskustva.<\/span><\/span><\/span><\/p>\n<p><span style=\"color: #000000;\"><span style=\"font-family: Arial,sans-serif;\"><span style=\"font-size: small;\"> Obzirom da smo prethodnih godina izvr\u0161ili niz merenja na tom neobi\u010dnom mestu, sa velikim nestrpljenjem smo i\u0161\u010dekivali rezultate istra\u017eivanja po novoj metrodi. I nismo se razo\u010darali. Naprotiv.<\/span><\/span><\/span><\/p>\n<p><a href=\"http:\/\/kpv.rs\/wp-content\/uploads\/2014\/09\/RT-3.jpg\"><img decoding=\"async\" loading=\"lazy\" class=\"alignleft  wp-image-3181\" src=\"http:\/\/kpv.rs\/wp-content\/uploads\/2014\/09\/RT-3.jpg\" alt=\"RT 3\" width=\"712\" height=\"490\" srcset=\"http:\/\/kpv.rs\/wp-content\/uploads\/2014\/09\/RT-3.jpg 743w, http:\/\/kpv.rs\/wp-content\/uploads\/2014\/09\/RT-3-300x206.jpg 300w\" sizes=\"(max-width: 712px) 100vw, 712px\" \/><\/a><\/p>\n<p><span style=\"color: #000000;\"><span style=\"font-family: Arial,sans-serif;\"><span style=\"font-size: small;\"> Uzorak merenja br. 10 je snimak frekventnog spektra elektri\u010dnog, a uzorak 14, magnetnog polja u istoj rezoluciji, odnosno frekventnom opsegu, brzini \u201csemplovanja\u201d, osetljivosti itd. Dakle pri identi\u010dnim parametrima merenja. Ipak, razli\u010ditost snimljenih spektara je o\u010dita. Signali frekvencije 42.5 i 47 kHz poti\u010du od merne opreme. Signal \u010dija je frekvencija 27 kHz \u2013 dobro nam je poznat iz ranijih merenja. \u010cinjenicu da je gotovo identi\u010dan signal detektovan i na Piramidi Sunca u Visokom, pri \u010demu je ba\u0161 tu vrednost i Nikola Tesla izabrao kao radnu frekvenciju svoje Svetske radio stanice \u2013 kule Wardenklif, diskutovali smo u vi\u0161e radova o \u010demu se mogu na\u0107i informacije na sajtu \u201cDuha Rtnja\u201d kao i Fondacije Arhelo\u0161kog parka Piramide Sunca u Visokom.<\/span><\/span><\/span><\/p>\n<p><span style=\"color: #000000;\"><span style=\"font-family: Arial,sans-serif;\"><span style=\"font-size: small;\">Ipak, nova metoda merenja pored verifikacije ranijih merenja nudi neuporedivo vi\u0161e informacija. Pored prisustva prirodnih signala, karakteristi\u010dnih za ovu lokaciju, sasvim je o\u010dita razli\u010ditost sadr\u017eaja elektri\u010dnog i magnetnog frekventnog spektra u opsegu 1.4 do 5 kHz. Prema teorijskim razmatranjima datim u uvodnom delu, ova nau\u010dno merljiva karakteristika sasvim nedvosmisleno ukazuje na prisustvo ne-konvencionalnih energetskih oblika, suptilno energetskih tokova &#8211; odnosno skalarnih polja na toj lokaciji, dakle energetskih fenomena potpuno korelativnih sa Teslinim talasima. Drugim re\u010dima, upotrebom konvencionalno-klasi\u010dnih mernih ure\u0111aja i merenjima po trenutno najsavremenijoj geomorfolo\u0161koj nau\u010dnoj metodologiji potvr\u0111eno je prisustvo energetskih polja strukturno veoma biskih \u201cNehercijanskim\u201d talasima Nikole Tesle.<\/span><\/span><\/span><\/p>\n<p><span style=\"font-family: Arial,sans-serif;\"><span style=\"font-size: small;\"><span style=\"background: #ffffff;\">Bez obzira da li Teslini talasi zaista postoje i da li postoji neka veza izme\u0111u piramidalnih struktura i Teslinih tehnologija ili ne, namera ovih istra\u017eivanja je da se uka\u017ee na izuzetno veliki broj podudarnosti, kvantitativnih i kvalitativnih sinhroniciteta koji nas nikako ne bi trebali ostaviti ravnodu\u0161nim.<\/span><\/span><\/span><\/p>\n<p><span style=\"font-family: Arial,sans-serif;\"><span style=\"font-size: small;\"><span style=\"background: #ffffff;\">Kao \u0161to je poznato, preslikavanje ure\u0111ene matemati\u010dke strukture u poseban geometrijski oblik i gra\u0111u unutra\u0161njosti nekog objekta rezultuje vrlo specifi\u010dnim talasnim osobinama takvih objekata i svojstvima karakteristi\u010dnim za koherentne sisteme i predstavljaju neku vrstu rezonatora, \u201cvi\u0161edimenzionalnih dipola\u201d, tj. energetskih koncentratora i harmonizatora odgovarajuc\u0301ih energetskih formi \/6\/.<\/span><\/span><\/span><\/p>\n<p><span style=\"font-family: Arial,sans-serif;\"><span style=\"font-size: small;\"><span style=\"background: #ffffff;\">Po svemu sudec\u0301i, iako mo\u017eda drevnim civilizacijama nisu bili poznati zakoni i nau\u010dne teorije koje mi poznajemo danas, bili su im poznati principi, relacije i veli\u010dine utkane u su\u0161tinu Prirode i Kosmosa. Jednostavna matemati\u010dka analiza pokazuje da su drevni narodi, graditelji brojnih piramidalnih i sakralnih objekata krajnje neobi\u010dnih oblika i dimenzija, izuzetno dobro poznavali osobine i energetske efekte rezonatora i talasnih mehanizama afirmativno-destruktvne interferencije kakve je i Tesla koristio u svom \u010duvenom \u201cMagnifying Transmiteru\u201d iz Kolorado Springsa. \u0160ta vi\u0161e, mnogo je argumenata koji pokazuju da su njihove tehnologije u znatnoj meri prevazilazile na\u0161a dana\u0161nja znanja i uveliko nadma\u0161ivale na\u0161e tehni\u010dke mogu\u0107nosti.<\/span><\/span><\/span><\/p>\n<p><span style=\"font-family: Arial,sans-serif;\"><span style=\"font-size: small;\"><span style=\"background: #ffffff;\">Svaka veza izme\u0111u Teslinih tehnologija i sakralnih objekata, piramidalnih struktura i srodnih objekata zvu\u010di vrlo neobi\u010dno, \u010dudno i prili\u010dno neverovatno. Ipak, sve na\u0161e analize i brojna merenja govore u prilog takvoj ideji.<\/span><\/span><\/span><\/p>\n<p><span style=\"font-family: Arial,sans-serif;\"><span style=\"font-size: small;\"><span style=\"background: #ffffff;\">\u010cinjenica da je Nikola Tesla neizmerno voleo prirodu i uvek po\u0161tovao njene osnovne zakonitosti, prenose\u0107i ih u principe rada svojih aparata, ukazuje na moguc\u0301nost da je Tesla bio jedan od prvih i retkih ljudi koji se, prou\u010davajuc\u0301i prirodne procese Kosmosa, ozbiljno primakao znanjima i tehnologijama drevnih civilizacija.<\/span><\/span><\/span><\/p>\n<p><span style=\"font-family: Arial,sans-serif;\"><span style=\"font-size: small;\"><span style=\"background: #ffffff;\">Ovo bi trebao biti motiv za dalja istra\u017eivanja i preispitivanja Teslinog dela. Po mojim li\u010dnim uverenjima Tesline tehnologije <\/span><\/span><\/span><span style=\"font-family: Arial,sans-serif;\"><span style=\"font-size: small;\"><span lang=\"\"><span style=\"background: #ffffff;\">\u0107e biti<\/span><\/span><\/span><\/span><span style=\"font-family: Arial,sans-serif;\"><span style=\"font-size: small;\"><span style=\"background: #ffffff;\"> osnov svih tehnologija 21 veka.<\/span><\/span><\/span><\/p>\n<p>&nbsp;<\/p>\n<p><span style=\"font-family: Arial,sans-serif;\"><span style=\"font-size: small;\">&#8212;&#8212;&#8212;&#8212;&#8212;&#8212;&#8212;&#8212;&#8212;&#8212;&#8212;&#8212;&#8212;&#8212;&#8212;&#8212;&#8212;&#8212;&#8212;&#8212;&#8211;<\/span><\/span><\/p>\n<p><span style=\"font-family: Arial,sans-serif;\"><span style=\"font-size: small;\">[1] <\/span><\/span><span style=\"font-family: Arial,sans-serif;\"><span style=\"font-size: small;\">GEOLOGICAL <\/span><\/span><em><span style=\"font-family: Arial,sans-serif;\"><span style=\"font-size: small;\"><span style=\"font-style: normal;\">SURVEY..<\/span><\/span><\/span><\/em><span style=\"font-family: Arial,sans-serif;\"><span style=\"font-size: small;\"><i>, <\/i><\/span><\/span><span style=\"font-family: Arial,sans-serif;\"><span style=\"font-size: small;\">Herbert A. Pierce and Donald B. Hoover,<\/span><\/span><i><span style=\"font-family: Arial,sans-serif;\"><span style=\"font-size: small;\">pubs.usgs.gov\/of\/1988\/0668\/report.pdf<\/span><\/span><\/i><\/p>\n<p><span style=\"font-family: Arial,sans-serif;\"><span style=\"font-size: small;\"><span style=\"font-style: normal;\">[2] <\/span><\/span><\/span><span style=\"font-family: Arial,sans-serif;\"><span style=\"font-size: small;\">Longitudinal wave, <\/span><\/span><span style=\"color: #0000ff;\"><span style=\"text-decoration: underline;\"><a href=\"http:\/\/en.wikipedia.org\/wiki\/Longitudinal_wave\"><span style=\"font-family: Arial,sans-serif;\"><span style=\"font-size: small;\">http:\/\/en.wikipedia.org\/wiki\/Longitudinal_wave<\/span><\/span><\/a><\/span><\/span><\/p>\n<p><span style=\"color: #252525;\"><span style=\"font-family: Arial,sans-serif;\"><span style=\"font-size: small;\">[3] <\/span><\/span><\/span><span style=\"color: #252525;\"><span style=\"font-family: Arial,sans-serif;\"><span style=\"font-size: small;\"><span style=\"background: #ffffff;\">Haifeng Wang, Luping Shi, Boris Luk&#8217;yanchuk,<\/span><\/span><\/span><\/span><span style=\"color: #252525;\"><span style=\"font-family: Arial,sans-serif;\"><span style=\"font-size: small;\"><span style=\"background: #ffffff;\">\u00a0<\/span><\/span><\/span><\/span><span style=\"color: #0000ff;\"><span style=\"text-decoration: underline;\"><a href=\"http:\/\/en.wikipedia.org\/wiki\/Colin_Sheppard\"><span style=\"color: #0b0080;\"><span style=\"font-family: Arial,sans-serif;\"><span style=\"font-size: small;\"><span style=\"background: #ffffff;\">Colin Sheppard<\/span><\/span><\/span><\/span><\/a><\/span><\/span><span style=\"color: #252525;\"><span style=\"font-family: Arial,sans-serif;\"><span style=\"font-size: small;\"><span style=\"background: #ffffff;\">\u00a0<\/span><\/span><\/span><\/span><span style=\"color: #252525;\"><span style=\"font-family: Arial,sans-serif;\"><span style=\"font-size: small;\"><span style=\"background: #ffffff;\">and Chong Tow Chong, &#8222;Creation of a needle of longitudinally polarized light in vacuum using binary optics,&#8220; Nature Photonics, Vol.2, pp 501-505, 2008<\/span><\/span><\/span><\/span><\/p>\n<p><span style=\"color: #252525;\"><span style=\"font-family: Arial,sans-serif;\"><span style=\"font-size: small;\"><span style=\"background: #ffffff;\">[4] Tesla waves, <\/span><\/span><\/span><\/span><span style=\"color: #0000ff;\"><span style=\"text-decoration: underline;\"><a href=\"http:\/\/users.beotel.net\/~gmarjanovic\/Tesla_waves.pdf\"><span style=\"font-family: Arial,sans-serif;\"><span style=\"font-size: small;\"><span style=\"background: #ffffff;\">http:\/\/users.beotel.net\/~gmarjanovic\/Tesla_waves.pdf<\/span><\/span><\/span><\/a><\/span><\/span><\/p>\n<p><span style=\"color: #252525;\"><span style=\"font-family: Arial,sans-serif;\"><span style=\"font-size: small;\"><span style=\"background: #ffffff;\">[5] Magnetic field, <\/span><\/span><\/span><\/span><span style=\"color: #0000ff;\"><span style=\"text-decoration: underline;\"><a href=\"http:\/\/en.wikipedia.org\/wiki\/Magnetic_field\"><span style=\"font-family: Arial,sans-serif;\"><span style=\"font-size: small;\"><span style=\"background: #ffffff;\">http:\/\/en.wikipedia.org\/wiki\/Magnetic_field<\/span><\/span><\/span><\/a><\/span><\/span><\/p>\n<p><span style=\"font-family: Arial,sans-serif;\"><span style=\"font-size: small;\"><span style=\"font-style: normal;\">[6] Pyramids-Guardians-of-primary-cosmic-vibration-of-the-local-densities, <\/span><\/span><\/span><span style=\"color: #0000ff;\"><span style=\"text-decoration: underline;\"><a href=\"http:\/\/piramidasunca.ba\/eng\/latest-news\/item\/7853-pyramids-guardians-of-primary-cosmic-vibration-of-the-local-densities.html\"><span style=\"font-family: Arial,sans-serif;\"><span style=\"font-size: small;\">http:\/\/piramidasunca.ba\/eng\/latest-news\/item\/7853-pyramids-guardians-of-primary-cosmic-vibration-of-the-local-densities.html<\/span><\/span><\/a><\/span><\/span><\/p>\n<p>&nbsp;<\/p>\n\n<div class=\"jwsharethis\">\nPodelite \u010dlanak: \n<br \/>\n<a href=\"mailto:?subject=Kontroverzna%20energetika%20Rtnja%20i%20Tesline%20Tehnologije&amp;body=http%3A%2F%2Fkpv.rs%2F%3Fp%3D3177\">\n<img src=\"http:\/\/kpv.rs\/wp-content\/plugins\/jw-share-this\/email.png\" alt=\"Podelite putem email-a\" \/>\n<\/a>\n<a target=\"_blank\" href=\"http:\/\/www.facebook.com\/sharer.php?u=http%3A%2F%2Fkpv.rs%2F%3Fp%3D3177&amp;t=Kontroverzna+energetika+Rtnja+i+Tesline+Tehnologije\">\n<img src=\"http:\/\/kpv.rs\/wp-content\/plugins\/jw-share-this\/fb.png\" alt=\"Podelite ovaj tekst na facebook-u\" \/>\n<\/a>\n<a target=\"_blank\" href=\"http:\/\/twitter.com\/intent\/tweet?text=I+like+http%3A%2F%2Fkpv.rs%2F%3Fp%3D3177&amp;title=Kontroverzna+energetika+Rtnja+i+Tesline+Tehnologije\">\n<img src=\"http:\/\/kpv.rs\/wp-content\/plugins\/jw-share-this\/twitter.png\" alt=\"Podelite putem Twitter-a\" \/>\n<\/a>\n<\/div>\n","protected":false},"excerpt":{"rendered":"<p>Pi\u0161e: dipl. in\u017e. Goran Marjanovi\u0107 \u2026upotrebom konvencionalno-klasi\u010dnih mernih ure\u0111aja i merenjima po trenutno najsavremenijoj geomorfolo\u0161koj nau\u010dnoj metodologiji potvr\u0111eno je prisustvo energetskih polja strukturno veoma biskih \u201cNehercijanskim\u201d talasima Nikole Tesle\u2026. Planina Rtanj, oduvek je plenila svojom lepotom a brojnim ljubiteljima prirode dobro su poznate sve blagodeti bistrih izvora, \u010distih voda, listopadne i \u010detinarske \u0161ume kao i [&hellip;]<\/p>\n","protected":false},"author":53,"featured_media":0,"comment_status":"open","ping_status":"open","sticky":false,"template":"","format":"standard","meta":[],"categories":[6,44,47],"tags":[],"_links":{"self":[{"href":"http:\/\/kpv.rs\/index.php?rest_route=\/wp\/v2\/posts\/3177"}],"collection":[{"href":"http:\/\/kpv.rs\/index.php?rest_route=\/wp\/v2\/posts"}],"about":[{"href":"http:\/\/kpv.rs\/index.php?rest_route=\/wp\/v2\/types\/post"}],"author":[{"embeddable":true,"href":"http:\/\/kpv.rs\/index.php?rest_route=\/wp\/v2\/users\/53"}],"replies":[{"embeddable":true,"href":"http:\/\/kpv.rs\/index.php?rest_route=%2Fwp%2Fv2%2Fcomments&post=3177"}],"version-history":[{"count":4,"href":"http:\/\/kpv.rs\/index.php?rest_route=\/wp\/v2\/posts\/3177\/revisions"}],"predecessor-version":[{"id":3185,"href":"http:\/\/kpv.rs\/index.php?rest_route=\/wp\/v2\/posts\/3177\/revisions\/3185"}],"wp:attachment":[{"href":"http:\/\/kpv.rs\/index.php?rest_route=%2Fwp%2Fv2%2Fmedia&parent=3177"}],"wp:term":[{"taxonomy":"category","embeddable":true,"href":"http:\/\/kpv.rs\/index.php?rest_route=%2Fwp%2Fv2%2Fcategories&post=3177"},{"taxonomy":"post_tag","embeddable":true,"href":"http:\/\/kpv.rs\/index.php?rest_route=%2Fwp%2Fv2%2Ftags&post=3177"}],"curies":[{"name":"wp","href":"https:\/\/api.w.org\/{rel}","templated":true}]}}