{"id":3372,"date":"2015-08-06T16:37:26","date_gmt":"2015-08-06T16:37:26","guid":{"rendered":"http:\/\/kpv.rs\/?p=3372"},"modified":"2017-09-16T09:11:23","modified_gmt":"2017-09-16T09:11:23","slug":"reinkarnacija","status":"publish","type":"post","link":"http:\/\/kpv.rs\/?p=3372","title":{"rendered":"Reinkarnacija"},"content":{"rendered":"<h4><a href=\"http:\/\/kpv.rs\/wp-content\/uploads\/2015\/08\/TESLA-sp.jpg\"><img decoding=\"async\" loading=\"lazy\" class=\"alignleft  wp-image-3373\" src=\"http:\/\/kpv.rs\/wp-content\/uploads\/2015\/08\/TESLA-sp.jpg\" alt=\"TESLA sp\" width=\"242\" height=\"210\" srcset=\"http:\/\/kpv.rs\/wp-content\/uploads\/2015\/08\/TESLA-sp.jpg 578w, http:\/\/kpv.rs\/wp-content\/uploads\/2015\/08\/TESLA-sp-300x260.jpg 300w\" sizes=\"(max-width: 242px) 100vw, 242px\" \/><\/a>Nikola Tesla se ponovo inkarnirao i dobio Nobelovu nagradu 2011.<\/h4>\n<p><strong>Pi<\/strong><strong>\u0161e: <\/strong><strong>Milovan Mi\u0107a Jovanovi\u0107<\/strong><\/p>\n<p>Da li smo ve\u0107 \u017ei\u00adve\u00adli na Ze\u00admlji? Ako je\u00adsmo \u2013 kog smo bi\u00adli po\u00adla, ra\u00adse, ve\u00adre&#8230;? Gde smo \u017ei\u00adve\u00adli i \u0161ta smo ra\u00addi\u00adli? Da li i ka\u00adko pret\u00adhod\u00adni \u017ei\u00advot uti\u00ad\u010de na sa\u00adda\u00ad\u0161nji? Da li smo se i ra\u00adni\u00adje sre\u00adta\u00adli s ne\u00adkim od da\u00adna\u00ad\u0161njih ro\u00ad\u0111a\u00adka, pri\u00adja\u00adte\u00adlja ili po\u00adzna\u00adni\u00adka? Da li ne\u00ad\u0161to od to\u00adga mo\u00ad\u017ee\u00admo sa\u00adzna\u00adti, ka\u00adko?<\/p>\n<p><!--more-->Pri\u00adrod\u00adno je da se lju\u00addi od\u00adu\u00advek in\u00adte\u00adre\u00adsu\u00adju za ova pi\u00adta\u00adnja. Mno\u00adgo nov\u00adca i vre\u00adme\u00adna je po\u00adtro\u00ad\u0161e\u00adno na is\u00adtra\u00ad\u017ei\u00adva\u00adnja o pro\u00ad\u0161lim \u017ei\u00advo\u00adti\u00adma. Ovim pro\u00adble\u00admi\u00adma su se ba\u00advi\u00adli i ba\u00adve se ozbilj\u00adni na\u00adu\u010d\u00adni\u00adci i ugled\u00adne usta\u00adno\u00adve \u0161i\u00adrom sve\u00adta. Po\u00adsto\u00adji mno\u00adgo sni\u00admlje\u00adnog dokaznog ma\u00adte\u00adri\u00adja\u00adla (sto\u00adti\u00adne sa\u00adti) o pri\u00adme\u00adri\u00adma se\u00ad\u0107a\u00adnja na pro\u00ad\u0161le \u017ei\u00advo\u00adte ko\u00adji je jav\u00adno pri\u00adka\u00adzi\u00advan i ana\u00adli\u00adzi\u00adran. Sve vi\u0161e dece se ra\u0111a sa se\u0107anjem na pro\u0161le \u017eivote. Formirane su mnoge stru\u010dne komisije koje su se bavile istra\u017eivanjem i dokazivanjem ovih fenomena. Naj\u00advi\u00ad\u0161e pri\u00adme\u00adra i do\u00adka\u00adza reinkarnacije ima u tro\u00adtom\u00adnoj mo\u00adno\u00adgra\u00adfi\u00adji dr Ja\u00adna Sti\u00adven\u00adso\u00adna s Uni\u00adver\u00adzi\u00adte\u00adta u Vir\u00add\u017ei\u00adni\u00adji, u ko\u00adjoj je na\u00adve\u00adde\u00adno 1.300 slu\u00ad\u010da\u00adje\u00adva \u0161i\u00adrom sve\u00adta. On je uo\u00ad\u010dio da se mno\u00adge na\u00advi\u00adke, sklo\u00adno\u00adsti, ta\u00adlen\u00adti i ka\u00adrak\u00adter\u00adne oso\u00adbi\u00adne pre\u00adno\u00adse sukcesivno kroz \u017ei\u00advo\u00adte. Po\u00adka\u00adza\u00adlo se da se i fi\u00adzi\u010d\u00adki iz\u00adgled, na\u00adro\u00ad\u010di\u00adto li\u00adca, pre\u00adno\u00adsi kroz mno\u00adgo in\u00adkar\u00adna\u00adci\u00adja. Dr Sti\u00adven\u00adson je pro\u00adna\u00ad\u0161ao i pro\u00adu\u00ad\u010dio ne\u00adko\u00adli\u00adko hi\u00adlja\u00adda pri\u00adme\u00adra gde se de\u00adca se\u00ad\u0107a\u00adju svog pret\u00adhod\u00adnog \u017ei\u00advo\u00adta. Za hi\u00adlja\u00addu pri\u00adme\u00adra je pri\u00adba\u00advio kom\u00adplet\u00adne do\u00adka\u00adze (vi\u0161e o svemu ovome u mojoj knjizi <em>Kraj igre<\/em>, glava Reinkarnacija).<\/p>\n<p>Ve\u00adro\u00adva\u00adnja, \u017ee\u00adlje i na\u00adde u ve\u00adzi sa \u017ei\u00advo\u00adtom na ze\u00admlji i onim \u0161to bi\u00adva po\u00adsle smrti, mo\u00adgu se svr\u00adsta\u00adti u tri osnov\u00adne i naj\u00adve\u00ad\u0107e gru\u00adpe hi\u00adpo\u00adte\u00adza.<\/p>\n<p>Prva izra\u017eava ma\u00adte\u00adri\u00adja\u00adli\u00adsti\u010d\u00adki stav koji pret\u00adpo\u00adsta\u00advlja da po\u00adsto\u00adji sa\u00admo ono \u0161to mo\u00ad\u017ee da se vi\u00addi, opi\u00adpa, re\u00adgi\u00adstru\u00adje i iz\u00adme\u00adri. Smrt pred\u00adsta\u00advlja pot\u00adpu\u00adni kraj i ljud\u00adska je\u00addin\u00adka je po\u00adni\u00ad\u0161te\u00adna za\u00adu\u00advek, bar \u0161to se ti\u00ad\u010de \u017ei\u00advo\u00adta i sve\u00adsti. Ova\u00adkvom shva\u00adta\u00adnju je do\u00adpri\u00adne\u00adla i \u201ena\u00adu\u010d\u00adna dog\u00adma\u201c ko\u00adja ne pri\u00adzna\u00adje da po\u00adsto\u00adji ili da mo\u00ad\u017ee po\u00adsto\u00adja\u00adti bi\u00adlo \u0161ta \u0161to ona ne mo\u00ad\u017ee da re\u00adgi\u00adstru\u00adje, do\u00adka\u00ad\u017ee i opi\u00ad\u0161e. Li\u00adku\u00adju\u00ad\u0107i u spe\u00adci\u00adfi\u010d\u00adno\u00adsti\u00adma, da\u00adkle u po\u00adde\u00adla\u00adma, na\u00adu\u00adka du\u00adgo ni\u00adje uvi\u00ad\u0111a\u00adla sve\u00adop\u00ad\u0161tu po\u00adve\u00adza\u00adnost Sve\u00adga \u0160to Po\u00adsto\u00adji. Ova\u00adkvi sta\u00advo\u00advi su se dra\u00adsti\u010d\u00adno pro\u00adme\u00adni\u00adli za\u00adhva\u00adlju\u00adju\u00ad\u0107i primerima i dokazima u kvant\u00adnoj fi\u00adzi\u00adci i nje\u00adnim eks\u00adpe\u00adri\u00admen\u00adti\u00adma, ali se spo\u00adro na\u00adpre\u00addu\u00adje u za\u00adjed\u00adni\u010d\u00adkom is\u00adtra\u00ad\u017ei\u00adva\u00adnju ili bar u po\u00adve\u00adzi\u00adva\u00adnju re\u00adzul\u00adta\u00adta raz\u00adli\u00ad\u010di\u00adtih na\u00adu\u010d\u00adnih di\u00adsci\u00adpli\u00adna.<\/p>\n<p>Dru\u00adga gru\u00adpa hi\u00adpo\u00adte\u00adza svo\u00addi se na ve\u00adro\u00adva\u00adnje u je\u00addan \u017ei\u00advot na Ze\u00admlji, po\u00adsle kog se od\u00adla\u00adzi na bo\u017e\u00adji sud i, u za\u00advi\u00adsno\u00adsti od pre\u00adsu\u00adde \u2013 u raj ili pa\u00adkao. Kod ne\u00adkih iz ove gru\u00adpe ve\u00adro\u00adva\u00adnja pro\u00adla\u00adzi se i kroz \u010di\u00adsti\u00adli\u00ad\u0161te, gde se oka\u00adja\u00adva\u00adju i ot\u00adku\u00adplju\u00adju opro\u00adsti\u00advi gre\u00adsi, pa se s bi\u00adnar\u00adne pre\u00adla\u00adzi na troj\u00adnu struk\u00adtu\u00adru za\u00adgrob\u00adnog \u017ei\u00advo\u00adta. Ovo ve\u00adro\u00adva\u00adnje pri\u00adpa\u00adda mo\u00adno\u00adte\u00adi\u00adsti\u010d\u00adkim re\u00adli\u00adgi\u00adja\u00adma pa i hri\u00ad\u0161\u0107an\u00adskoj tra\u00addi\u00adci\u00adji. Po nje\u00admu, \u010do\u00advek ima in\u00addi\u00advi\u00addu\u00adal\u00adnu be\u00adsmrt\u00adnu du\u00ad\u0161u ko\u00adja \u0107e bi\u00adti za\u00adu\u00advek ka\u00ad\u017enje\u00adna ili na\u00adgra\u00ad\u0111e\u00adna u za\u00advi\u00adsno\u00adsti od mi\u00adsli i de\u00adla ko\u00adje je ima\u00adla za vre\u00adme svog jed\u00adnog ze\u00admalj\u00adskog \u017ei\u00advo\u00adta, bez ob\u00adzi\u00adra na zdrav\u00adstve\u00adne, ma\u00adte\u00adri\u00adjal\u00adne i du\u00adhov\u00adne uslo\u00adve pod ko\u00adji\u00adma je osoba ro\u00ad\u0111ena, \u017ei\u00advela i umrla.<\/p>\n<p>Ova te\u00adza je raz\u00adgra\u00adna\u00adta pa se ta\u00adko\u00ad\u0111e u hri\u00ad\u0161\u0107an\u00adstvu tvr\u00addi da du\u00ad\u0161a \u010do\u00adve\u00adka ni\u00adje oba\u00adve\u00adzno be\u00adsmrt\u00adna ne\u00adgo sa\u00admo \u201epo mi\u00adlo\u00adsti bo\u017e\u00adjoj\u201c. Ta\u00adko \u201espas du\u00ad\u0161e\u201c za ne\u00adke zna\u00ad\u010di spas od pa\u00adkle\u00adnih mu\u00adka, a za dru\u00adge \u2013 spas od pot\u00adpu\u00adnog ne\u00adstan\u00adka du\u00ad\u0161e, bor\u00adbu za nje\u00adnu be\u00adsmrt\u00adnost, pa tek po\u00adtom za po\u00adzi\u00adci\u00adju. U toj borbi jedino mo\u017ee da pomogne Crkva svojim pravilima za narod i gre\u0161nike: dolaskom u crkvu, poklonima, pokajanjem, ispovedanjem, postom i molitvom, Na taj na\u010din Crkva \u0107e da umilostivi boga da oprosti grehe. Kasnije je bog bio Crkvi nepotreban, pa sada sve radi sama \u201eu njegovo ime\u201c, jer extra ecclesiam nulla salus (izvan Crkve nema spasenja).<\/p>\n<p>Tre\u00ad\u0107a hi\u00adpo\u00adte\u00adza tvr\u00addi da je na\u00ad\u0161a du\u00ad\u0161a bez\u00adu\u00adslov\u00adno be\u00adsmrt\u00adna i da mo\u00ad\u017ee neo\u00adgra\u00adni\u00ad\u010de\u00adno da se kre\u00ad\u0107e kroz pro\u00adstor i vre\u00adme (i van pro\u00adsto\u00adra i vre\u00adme\u00adna) se\u00adle\u00ad\u0107i se iz jed\u00adnog \u017ei\u00advo\u00adta u dru\u00adgi, iz te\u00adla u te\u00adlo, me\u00adnja\u00adju\u00ad\u0107i ulo\u00adgu, ko\u00adstim i de\u00adkor, u za\u00advi\u00adsno\u00adsti od to\u00adga \u0161ta je mi\u00adsli\u00adla i ra\u00addi\u00adla u pret\u00adhod\u00adnim \u017ei\u00advo\u00adti\u00adma. Ov\u00adde se sma\u00adtra da je\u00addan \u017ei\u00advot ni\u00adje i ne mo\u00ad\u017ee ni\u00adka\u00adda bi\u00adti do\u00advo\u00adljan da se sve na\u00adu\u00ad\u010di i iskusi u ze\u00admalj\u00adskoj u\u010di\u00ado\u00adni\u00adci i da se \u201ema\u00adtu\u00adri\u00adra\u201c na Ze\u00admlji. U stvari, nema \u0161ta da se u\u010di na Zemlji (ili u bilo kom fizi\u010dkom, relativnom svetu) jer mi smo delovi boga, bogovi u razvoju i sve znamo, treba samo da iskusimo ono \u0161to smo odabrali.<\/p>\n<p>Ve\u00adra u po\u00adnov\u00adno ro\u00ad\u0111e\u00adnje po\u00adsto\u00adja\u00adla je i u hri\u00ad\u0161\u0107an\u00adstvu i uz ne\u00adke pro\u00adme\u00adne tra\u00adja\u00adla je do sred\u00adnjeg ve\u00adka. Tra\u00adgo\u00advi ovog u\u010de\u00adnja ose\u00ad\u0107a\u00adju se kod mno\u00adgih fi\u00adlo\u00adzo\u00adfa, pe\u00adsni\u00adka i umet\u00adni\u00adka re\u00adne\u00adsan\u00adse i ro\u00adman\u00adti\u00adzma. Tu je i otac fran\u00adcu\u00adske pro\u00adsve\u00ad\u0107e\u00adno\u00adsti, pi\u00adsac, fi\u00adlo\u00adzof i kri\u00adti\u00ad\u010dar hri\u00ad\u0161\u0107an\u00adstva i za\u00adgo\u00advor\u00adnik pri\u00adrod\u00adne re\u00adli\u00adgi\u00adje \u2013 Vol\u00adter. On je bra\u00adne\u00ad\u0107i te\u00ado\u00adri\u00adju o se\u00adlje\u00adnju du\u00ad\u0161a re\u00adkao: \u201eLju\u00addi, ni\u00adje ni\u00ad\u0161ta \u010dud\u00adni\u00adje da se ro\u00addi\u00admo dva\u00adput, ne\u00adgo je\u00addan\u00adput\u201c.<\/p>\n<p>U an\u00adti\u010d\u00adkoj Gr\u010d\u00adkoj po\u00adsto\u00adja\u00adle su dve \u0161ko\u00adle \u2013 or\u00adfi\u00adsti i pi\u00adta\u00adgo\u00adrej\u00adci \u2013 ko\u00adje su u\u010di\u00adle svo\u00adje u\u010de\u00adni\u00adke o dok\u00adtri\u00adni pre\u00adse\u00adlje\u00adnja du\u00ad\u0161e (me\u00adtemp\u00adsi\u00adho\u00adzi), ko\u00adja \u0107e po\u00adsle za\u00advr\u00ad\u0161e\u00adnog ci\u00adklu\u00adsa se\u00ado\u00adba na Ze\u00admlji da se vra\u00adti ori\u00adgi\u00adnal\u00adnom bla\u00ad\u017een\u00adstvu.So\u00adkrat je tvr\u00addio da je u\u010de\u00adnje u stva\u00adri se\u00ad\u0107a\u00adnje. \u010cu\u00adli\u00adma se slu\u00ad\u017ei\u00admo \u010dim se ro\u00addi\u00admo, zna\u00ad\u010di poj\u00admo\u00adve smo ve\u0107 zna\u00adli od\u00adra\u00adni\u00adje, pre ro\u00ad\u0111e\u00adnja. Du\u00ad\u0161a je neo\u00adspor\u00adno po\u00adsto\u00adja\u00adla pre nas, za\u00adklju\u00ad\u010du\u00adje So\u00adkrat (po\u00adsle du\u00adge ras\u00adpra\u00adve sa Si\u00admi\u00adjom), po\u00adsto\u00adja\u00ad\u0107e i po\u00adsle nas. Ove ide\u00adje su ka\u00adsni\u00adje za\u00adstu\u00adplje\u00adne i kod gno\u00adsti\u00ad\u010da\u00adra, te\u00ado\u00adzo\u00adfa i an\u00adtro\u00adpo\u00adzo\u00adfa.<\/p>\n<p>Ljud\u00adska du\u00ad\u0161a do\u00adla\u00adzi s ne\u00adba i ta\u00admo se vra\u00ad\u0107a po\u00adsle smr\u00adti. To je krug re\u00adin\u00adkar\u00adna\u00adci\u00adja, mi\u00adste\u00adri\u00adja nad mi\u00adste\u00adri\u00adja\u00adma. To je naj\u00adva\u00ad\u017eni\u00adja ka\u00adri\u00adka u evo\u00adlu\u00adci\u00adji du\u00ad\u0161e i sve\u00adsti. Bez tog prin\u00adci\u00adpa be\u00adsmrt\u00adnost du\u00ad\u0161e bi\u00adla bi be\u00adsmi\u00adsle\u00adna, bez ob\u00adzi\u00adra na to da li se ve\u010d\u00adno be\u00adza\u00adzle\u00adno \u0161e\u00adta i di\u00advi u ra\u00adju, ku\u00adva u pa\u00adklu ili od\u00adma\u00adra u nir\u00adva\u00adni.<\/p>\n<p>O sve\u00admu ovo\u00adme se go\u00advo\u00adri od po\u00ad\u010det\u00adka, u bra\u00adma\u00adni\u00adzmu i bu\u00addi\u00adzmu, kod Egip\u00ad\u0107a\u00adna i or\u00adfi\u00ad\u010da\u00adra, u fi\u00adlo\u00adzo\u00adfi\u00adji Pi\u00adta\u00adgo\u00adre&#8230; Pla\u00adton je tako\u0111e tvr\u00addio da su sva ljud\u00adska zna\u00adnja sa\u00admo se\u00ad\u0107a\u00adnja du\u00ad\u0161e, \u0161to je cela istina. Ovaj So\u00adkra\u00adtov u\u010de\u00adnik, osni\u00adva\u010d Aka\u00adde\u00admi\u00adje i tvo\u00adrac \u201ete\u00ado\u00adri\u00adje ide\u00adja\u201c go\u00advo\u00adrio je da je du\u00ad\u0161a be\u00adsmrt\u00adna a da je ma\u00adte\u00adri\u00adjal\u00adni svet sa\u00admo ne\u00adsa\u00advr\u00ad\u0161e\u00adni od\u00adraz ide\u00adja.<\/p>\n<p>Kod na\u00ad\u0161ih pre\u00adda\u00adka Slo\u00adve\u00adna, kao i kod Sr\u00adba, po\u00adsto\u00adja\u00adlo je ve\u00adro\u00adva\u00adnje da se u no\u00advo\u00adro\u00ad\u0111e\u00adnu de\u00adcu in\u00adkar\u00adni\u00adra ne\u00adki pre\u00addak. U pri\u00ad\u010da\u00adma i fol\u00adklo\u00adru to se na\u00adzi\u00adva <em>pre\u00adrod<\/em>.<\/p>\n<p>Vuk Ka\u00adra\u00add\u017ei\u0107 je sa\u00adku\u00adpio mno\u00adgo pri\u00adpo\u00adve\u00adda\u00adka i pri\u00adme\u00adra ovog ve\u00adro\u00adva\u00adnja.<\/p>\n<p>\u010caj\u00adka\u00adno\u00advi\u0107 u <em>Sta\u00adroj srp\u00adskoj re\u00adli\u00adgi\u00adji i mi\u00adto\u00adlo\u00adgi\u00adji<\/em> na\u00advo\u00addi da je kod na\u00ad\u0161ih lju\u00addi po\u00adsto\u00adja\u00adlo ve\u00adro\u00adva\u00adnje da se du\u00ad\u0161a se\u00adli, ali da se mo\u00ad\u017ee na\u00adsta\u00adni\u00adti i u <em>se\u00adno\u00advi\u00adte<\/em> stva\u00adri, u bilj\u00adke ili \u017ei\u00advo\u00adti\u00adnje, koje \u0107e imati iste oso\u00adbi\u00adne kao \u0161to je imala ljud\u00adska du\u00ad\u0161a.<\/p>\n<p>Ti\u00adbe\u00adtan\u00adski sve\u00ad\u0161te\u00adni\u00adci ima\u00adju do\u00adsta knji\u00adga ko\u00adje opi\u00adsu\u00adju se\u00adlje\u00adnje du\u00ad\u0161e. Po\u00adzna\u00adti su pri\u00adme\u00adri o tra\u00ad\u017ee\u00adnju i pro\u00adna\u00adla\u00ad\u017ee\u00adnju de\u00adte\u00adta, bu\u00addu\u00ad\u0107eg la\u00adme. Na osno\u00advu se\u00ad\u0107a\u00adnja o lju\u00addi\u00adma, do\u00adga\u00ad\u0111a\u00adji\u00adma i pred\u00adme\u00adti\u00adma, do\u00adka\u00adzu\u00adje se de\u00adte\u00adtov ra\u00adni\u00adji \u017ei\u00advot i nje\u00adgo\u00adva ulo\u00adga u od\u00adre\u00ad\u0111e\u00adnom vre\u00adme\u00adnu na od\u00adre\u00ad\u0111e\u00adnom me\u00adstu. Ova tra\u00addi\u00adci\u00adja se na Ti\u00adbe\u00adtu na\u00adzi\u00adva <em>tul\u00adku<\/em> i za\u00adpo\u00ad\u010de\u00adta je u XIII ve\u00adku. Ne sa\u00admo la\u00adme, tra\u00ad\u017ee se <em>tul\u00adku<\/em> i za kar\u00adma\u00adpe i dru\u00adge vi\u00adso\u00adke du\u00adhov\u00adne u\u010di\u00adte\u00adlje ko\u00adji \u010de\u00adsto osta\u00advlja\u00adju (skri\u00adve\u00adna) pi\u00adsma ko\u00adja slu\u00ad\u017ee kao pu\u00adto\u00adka\u00adzi za pro\u00adna\u00adla\u00ad\u017ee\u00adnje no\u00adve in\u00adkar\u00adna\u00adci\u00adje. To se do\u00adgo\u00addi\u00adlo i kod pro\u00adna\u00adla\u00ad\u017ee\u00adnja poslednjeg (se\u00addam\u00adna\u00ade\u00adstog) kar\u00adma\u00adpe; ro\u00ad\u0111en je 1985. zvao se Apo Ga\u00adga (sre\u0107\u00adno de\u00adte), a pro\u00adna\u00ad\u0111en je 1992. i po\u00adsle mno\u00adgo pe\u00adri\u00adpe\u00adti\u00adja da\u00adlaj\u2013la\u00adma je iz\u00addao Buk\u00adtam Rim\u00adpo\u00ad\u010de (zva\u00adni\u010d\u00adnu po\u00adtvr\u00addu) ka\u00adda je do\u00adbio ime Ogjen Trin\u00adlej Dor\u00ad\u0111e. On je ka\u00adsni\u00adje s Ti\u00adbe\u00adta pre\u00adbe\u00adgao u In\u00addi\u00adju.<\/p>\n<p>Ne in\u00adkar\u00adni\u00adra se la\u00adma uvek i sa\u00admo u okvi\u00adru bu\u00addi\u00adsti\u010d\u00adkih kul\u00adtur\u00adnih i ver\u00adskih kru\u00adgo\u00adva. Ta\u00adko je 1985. u \u0160pa\u00adni\u00adji ro\u00ad\u0111en bu\u00addu\u00ad\u0107i la\u00adma s ime\u00adnom Osel Hi\u00adte To\u00adres. On je bio in\u00adkar\u00adna\u00adci\u00adja la\u00adme ko\u00adji je 1984. umro u Los An\u00ad\u0111e\u00adle\u00adsu. Da\u00adlaj-la\u00adma je dao na\u00adlog la\u00admi Zo\u00adpi da tra\u00ad\u017ei no\u00advu in\u00adkar\u00adna\u00adci\u00adju pre\u00admi\u00adnu\u00adlog la\u00adme, jer mu se ja\u00advio u snu i dao ne\u00adke in\u00adfor\u00adma\u00adci\u00adje. Ka\u00adda je pro\u00adna\u00ad\u0161ao Ose\u00adla, od\u00adveo ga je u In\u00addi\u00adju gde je pod\u00advrg\u00adnut uo\u00adbi\u00ad\u010da\u00adje\u00adnim te\u00adsto\u00advi\u00adma, ma\u00adda je ve\u0107 u \u0160pa\u00adni\u00adji pru\u00ad\u017eio do\u00advolj\u00adno do\u00adka\u00adza o svom pret\u00adhod\u00adnom \u017ei\u00advo\u00adtu. Dvo\u00adgo\u00addi\u00ad\u0161nji Osel je 1987. sve\u00ad\u010da\u00adno usto\u00adli\u00ad\u010den kao po\u00adno\u00advo ro\u00ad\u0111e\u00adni la\u00adma i na\u00adsta\u00advio je s u\u010de\u00adnjem ko\u00adje je pred\u00advi\u00ad\u0111e\u00adno. Sve ovo je prikazano u vrlo dobrom Bertolu\u010dijevomfilmu <em>Mali Buda,<\/em> s Kijanuom Rivsom u glavnoj ulozi.<\/p>\n<p>Vr\u00adlo je po\u00adznat i ube\u00addljiv pri\u00admer Ar\u00adtu\u00adra Fla\u00ader\u00adti\u00adja iz Nor\u00adfo\u00adka u En\u00adgle\u00adskoj. Nje\u00adgo\u00advo se\u00ad\u0107a\u00adnje na pro\u00ad\u0161li \u017ei\u00advot u Jordanu, u drev\u00adnom gra\u00addu Pe\u00adtri, nekada glavnom gradu arapskog Nabatejskog carstva, gde je ubi\u00adjen u I ve\u00adku pre no\u00adve ere, de\u00adtalj\u00adno je pra\u00adti\u00adla i kasnije ana\u00adli\u00adzi\u00adra\u00adla ve\u00adli\u00adka gru\u00adpa, komisija od raz\u00adli\u00ad\u010di\u00adtih na\u00adu\u010d\u00adni\u00adka i stru\u010d\u00adnja\u00adka uz ne\u00adpre\u00adkid\u00adno sni\u00adma\u00adnje BBC-ja. Jednoglasni zaklju\u010dak komisije bio je &#8211; da su Arturova se\u0107anja potpuno autenti\u010dna do detalja.<\/p>\n<p>Po\u00adzna\u00adta na\u00adu\u010d\u00adni\u00adca i is\u00adtra\u00ad\u017ei\u00adva\u010d, Alek\u00adsan\u00addra Dej\u00advid-Nil, du\u00adgo je \u017ei\u00adve\u00adla na Ti\u00adbe\u00adtu gde je pro\u00adna\u00ad\u0161la ne\u00adke pri\u00adme\u00adre se\u00adlje\u00adnja du\u00ad\u0161e i do\u00adka\u00adza\u00adla ih. Ona je po\u00adsle za\u00advr\u00ad\u0161et\u00adka stu\u00addi\u00adja na Sor\u00adbo\u00adni oko tri\u00adna\u00adest go\u00addi\u00adna pro\u00adve\u00adla na Ti\u00adbe\u00adtu kao lu\u00adta\u00adju\u00ad\u0107a pro\u00adsja\u00adki\u00adnja, a po\u00adtom je po\u00adsta\u00adla po\u00adzna\u00adta knji\u00ad\u017eev\u00adni\u00adca i ti\u00adbe\u00adto\u00adlog. Ona je i pr\u00adva \u017ee\u00adna sa Za\u00adpa\u00adda ko\u00adja je sti\u00adgla do La\u00adse. U svo\u00adjoj knji\u00adzi <em>Me\u00ad\u0111u<\/em> <em>mi\u00adsti\u00adci\u00adma i ma\u00adgo\u00advi\u00adma Ti\u00adbe\u00adta<\/em> opi\u00adsu\u00adje ka\u00adko po\u00adsle smr\u00adti la\u00adme, svi mo\u00adna\u00adsi kre\u00ad\u0107u da tra\u00ad\u017ee nje\u00adgo\u00advu no\u00advu in\u00adkar\u00adna\u00adci\u00adju. Ka\u00adda pro\u00adna\u00ad\u0111u de\u00ad\u010daka ko\u00adji pro\u00ad\u0111e sve te\u00adsto\u00adve i pre\u00adten\u00addu\u00adje da bu\u00adde la\u00admi\u00adna no\u00adva in\u00adkar\u00adna\u00adci\u00adja, pod\u00advr\u00adga\u00adva\u00adju ga uo\u00adbi\u00ad\u010da\u00adje\u00adnom spe\u00adci\u00adjal\u00adnom zadnjem te\u00adstu koji se sastoji u tome, da u pra\u00adznu so\u00adbu do\u00adne\u00adsu do\u00adsta raz\u00adli\u00ad\u010di\u00adtih stva\u00adri me\u00ad\u0111u ko\u00adji\u00adma je pe\u00adti\u00adna pri\u00adpa\u00adda\u00adla umr\u00adlom la\u00admi, a de\u00ad\u010dak tre\u00adba da ih po\u00adka\u00ad\u017ee i iz\u00addvo\u00adji i da o sva\u00adkom tom pred\u00adme\u00adtu is\u00adpri\u00ad\u010da \u0161ta zna.<\/p>\n<p>Po\u00adred na\u00adve\u00adde\u00adnih vr\u00adsta do\u00adka\u00adza o po\u00adsto\u00adja\u00adnju pro\u00ad\u0161lih \u017ei\u00advo\u00adta, is\u00adtra\u00ad\u017ei\u00adva\u00adnja su ra\u00ad\u0111e\u00adna i pu\u00adtem ra\u00adznih vr\u00adsta re\u00adgre\u00adsi\u00adja. Ja imam preko tri stotine primera ra\u00adda regrasija, u hip\u00adno\u00adti\u010d\u00adkom i ne\u00adhip\u00adno\u00adti\u010d\u00adkom sta\u00adnju re\u00adgre\u00adsan\u00adta. Tu je bilo svih uzrasta, oba pola, razli\u010ditih zanimanja, obrazovanja, ube\u0111enja, nacija i religija. Imam i nekoliko primera-dokaza reinkarnacije. Re\u00adgre\u00adsi\u00adja se ko\u00adri\u00adsti i u is\u00adce\u00adli\u00adtelj\u00adstvu, kao na\u00ad\u010din za ot\u00adkri\u00adva\u00adnje i nivelisanje ne\u00adkih ne\u00adraz\u00adre\u00ad\u0161e\u00adnih tra\u00adu\u00adma iz detinjstva ili pro\u00ad\u0161lih \u017ei\u00advo\u00adta ko\u00adje su se is\u00adka\u00adza\u00adle u ovom \u017ei\u00advo\u00adtu kao pro\u00adblem ili bo\u00adlest. O ovo\u00adme ima de\u00adtalj\u00adni\u00adje u mojim knjigama, gde se mogu na\u0107i i potvr\u0111eni primeri korektnog sagledavanja (kroz progresiju) budu\u0107ih doga\u0111aja, \u0161ta sam radio prvi (mo\u017eda jo\u0161 uvek i jedini) u svetu. Na ovu ideju sam do\u0161ao po\u0161to sam prihvatio da vreme ne postoji i da se sve inkarnacije doga\u0111aju simultano a da ih mi (mo\u017eemo da) do\u017eivljavamo sukcesivno i da u sada postoji sve \u0161to je bilo i \u0161to \u0107e ikada biti.<\/p>\n<p>Po\u00adsto\u00adje \u0161irom sveta hi\u00adlja\u00adde pri\u00adme\u00adra-do\u00adka\u00adza do\u00adbi\u00adje\u00adnih u ova\u00adkvim sta\u00adnji\u00adma ko\u00adja se ne mo\u00adgu ospo\u00adri\u00adti. Kod ova\u00adkve vr\u00adste \u201edo\u00adka\u00adza\u201c tre\u00adba bi\u00adti vr\u00adlo iskusan, opre\u00adzan i ne\u00adu\u00adtra\u00adlan, bez na\u00adme\u00adre da se ne\u00ad\u0161to do\u00adka\u00ad\u017ee, ve\u0107 sa\u00admo da se is\u00adtra\u00ad\u017ei i re\u00adal\u00adno opi\u00ad\u0161e. Ovde ne ubrajam knjige i stavove Majkla Njutna, jer nemaju nikakvu istinitosnu vrednost. Regresolog mora biti oprezan na verbalne i mentalne sugestije koje \u0161alje. Za\u00adto ne\u00adka\u00adda tre\u00adba i\u0107i u de\u00adtalj\u00adno is\u00adpi\u00adti\u00adva\u00adnje i even\u00adtu\u00adal\u00adno po\u00adna\u00advlja\u00adnje. Ovo se \u010di\u00adni i zbog to\u00adga \u0161to nekada re\u00adal\u00adna psi\u00adhi\u010d\u00adka is\u00adku\u00adstva jed\u00adne oso\u00adbe mo\u00adgu pri\u00adpa\u00adda\u00adti psi\u00adhi\u010d\u00adkoj struk\u00adtu\u00adri ne\u00adke dru\u00adge, pa i ko\u00adlek\u00adtiv\u00adnom is\u00adku\u00adstvu. Re\u00adgre\u00adsant mo\u00ad\u017ee da u is\u00adtoj sce\u00adni-do\u00adga\u00ad\u0111a\u00adju, bez sve\u00adsne na\u00adme\u00adre, pre\u00adpli\u00ad\u0107e sno\u00adve, pro\u00ad\u0161le, sa\u00adda\u00ad\u0161nje pa i ve\u00adro\u00advat\u00adne bu\u00addu\u00ad\u0107e do\u00adga\u00ad\u0111a\u00adje sat\u00adka\u00adne od \u017ee\u00adlja, o\u010de\u00adki\u00adva\u00adnja ili stra\u00adho\u00adva.<\/p>\n<p>Bilo je slu\u010dajeva kada dve osobe, iz radoznalosti, \u017eele da saznaju da li su bili zajedno u nekom pro\u0161lom \u017eivotu. Ovo se proverava tako \u0161to prvo jednu, a zatim odmah drugu osobu vodim u eventualni zajedni\u010dki pro\u0161li \u017eivot, s tim, da druga osoba ne zna \u0161ta je videla i do\u017eivela prva. Upore\u0111ivanjem njihovih iskustava dolazi se do zaklju\u010dka. \u0160ta mislite, da li se mo\u017ee jo\u0161 \u201cpoja\u010dati dokaz\u201d? Da\u0107u vam pola odgovora &#8211; mo\u017ee! Sami razmislite \u2013 kako?<\/p>\n<p>Mo\u00ad\u017ee do\u00ad\u0107i i do dvoj\u00adne iden\u00adti\u00adfi\u00adka\u00adci\u00adje ili do ose\u00ad\u0107a\u00adnja i ube\u00ad\u0111e\u00adnja re\u00adgre\u00adsan\u00adta da se in\u00adkar\u00adni\u00adrao u \u017ei\u00advo\u00adti\u00adnju. Ova\u00adkvi pri\u00adme\u00adri ve\u00adro\u00adva\u00adnja \u010dak su u\u0161li u tra\u00addi\u00adci\u00adju Is\u00adto\u00adka, ali ne kod svih, na\u00adrav\u00adno, jer zna\u00adju da se to nekad doga\u0111alo i da za ta\u00adkvom vr\u00adstom in\u00adkar\u00adna\u00adci\u00adje vi\u00ad\u0161e ne\u00adma po\u00adtre\u00adbe.<\/p>\n<p>\u0160ta je u pi\u00adta\u00adnju i zbog \u010de\u00adga na\u00adsta\u00adje za\u00adbu\u00adna?<\/p>\n<p>Te\u00adlo zna i mo\u00ad\u017ee da ne\u00adki deo sve\u00adsti pro\u00adjek\u00adtu\u00adje ili po\u00ad\u0161a\u00adlje u avan\u00adtu\u00adru van\u00adte\u00adle\u00adsnih pu\u00adto\u00adva\u00adnja i da tu svest po\u00adno\u00advo vra\u00adti na\u00adtrag. Ovo se ret\u00adko do\u00adga\u00ad\u0111a spon\u00adta\u00adno, ali ve\u00ad\u017ebom to mo\u00adgu po\u00adsti\u00ad\u0107i i oni ko\u00adji ni\u00adsu \u201eiza\u00adbra\u00adni\u201c ili \u201epo\u00adseb\u00adno na\u00adda\u00adre\u00adni\u201c. Re\u00adgre\u00adsant (pa i oso\u00adba u bud\u00adnom sta\u00adnju) mo\u00ad\u017ee da usme\u00adri i pro\u00adjek\u00adtu\u00adje deo sve\u00adsti u bilj\u00adku ili \u017ei\u00advo\u00adti\u00adnju. Ako ne\u00adma zna\u00adnja i is\u00adku\u00adstva a ovo se do\u00adgo\u00addi, regresant se ta\u00adda iden\u00adti\u00adfi\u00adku\u00adje s de\u00adlom svo\u00adje svesti i svet po\u00adsma\u00adtra \u201eiz\u00adnu\u00adtra\u201c, s gle\u00addi\u00ad\u0161ta bilj\u00adke ili \u017ei\u00advo\u00adti\u00adnje. Ovo se mo\u00ad\u017ee la\u00adko do\u00adka\u00adza\u00adti i re\u00ad\u0161i\u00adti u sva\u00adkom kon\u00adkret\u00adnom slu\u00ad\u010da\u00adju. Vr\u00adlo su ve\u00adse\u00adle si\u00adtu\u00ada\u00adci\u00adje ka\u00adda se re\u00adgre\u00adsan\u00adtu na\u00adre\u00addi ili su\u00adge\u00adri\u00ad\u0161e da \u201eiza\u00ad\u0111e\u201c iz bilj\u00adke ili \u017ei\u00advo\u00adti\u00adnje s ko\u00adjom se bio iden\u00adti\u00adfi\u00adko\u00advao i do\u00ad\u017ei\u00advlja\u00advao je kao svo\u00adje \u201eja\u201c. On to po\u00adne\u00adkad do\u00ad\u017ei\u00advlja\u00adva kao pri\u00advre\u00adme\u00adno \u201egu\u00adblje\u00adnje se\u00adbe\u201c, ali bez ob\u00adzi\u00adra na to \u0161to je to ilu\u00adzi\u00adja, tre\u00adba bi\u00adti opre\u00adzan i po\u00ad\u0161to\u00adva\u00adti nje\u00adgo\u00advu umi\u0161ljenu dramu i prate\u0107e emo\u00adci\u00adje.<\/p>\n<p>Ni\u00adje mo\u00adgu\u00ad\u0107e na\u00ad\u0107i bi\u00adlo ka\u00adkve do\u00adka\u00adze ili pri\u00adme\u00adre, \u010dak ni mi\u00adsa\u00ado\u00adno hi\u00adpo\u00adte\u00adti\u010d\u00adki kon\u00adstru\u00adi\u00adsa\u00adne, ko\u00adji bi uka\u00adzi\u00adva\u00adli da je re\u00adin\u00adkar\u00adna\u00adci\u00adja \u0161tet\u00adna, ne\u00adpo\u00adtreb\u00adna ili ne\u00admo\u00adgu\u00ad\u0107a.<\/p>\n<p>Te\u00ado\u00adri\u00adja o se\u00adlje\u00adnju du\u00ad\u0161a je pri\u00adma\u00admlji\u00adva i zbog to\u00adga \u0161to ni\u00adje upe\u00adre\u00adna ni pre\u00adma ko\u00adjoj gru\u00adpi ili po\u00adje\u00addin\u00adcu i \u0161to ne fa\u00advo\u00adri\u00adzu\u00adje ni\u00adko\u00adga po bi\u00adlo kom osno\u00advu \u2013 po\u00adlu, ra\u00adsi, ve\u00adri, krv\u00adnom na\u00adsle\u00ad\u0111u ili bo\u00adgat\u00adstvu. Jedino ova\u00adkvo ve\u00adro\u00adva\u00adnje mo\u00ad\u017ee da po\u00admog\u00adne u pre\u00adva\u00adzi\u00adla\u00ad\u017ee\u00adnju pro\u00adble\u00adma oko pri\u00adhva\u00adta\u00adnja \u201epo\u00ad\u010det\u00adnih uslo\u00adva \u017ei\u00advo\u00adta\u201c, od\u00adno\u00adsno ne\u00adjed\u00adna\u00adkih ljud\u00adskih sud\u00adbi\u00adna, stra\u00adda\u00adnja de\u00adce i ne\u00advi\u00adnih kao i ljud\u00adskog shva\u00adta\u00adnja \u201ebo\u017e\u00adje prav\u00adde\u201c, \u0161to je ka\u00admen spo\u00adti\u00adca\u00adnja i u hri\u00ad\u0161\u0107an\u00adstvu. Bez ve\u00adro\u00adva\u00adnja u pre\u00adse\u00adlje\u00adnje du\u00ad\u0161e \u010do\u00advek ne\u00adma du\u00adgo\u00adro\u010d\u00adnu vi\u00adzi\u00adju, usme\u00adren je na krat\u00adko\u00adro\u010d\u00adne ci\u00adlje\u00adve i po\u00adna\u00ad\u0161a se kao da je nje\u00adgo\u00advo po\u00adko\u00adle\u00adnje po\u00adsled\u00adnje ko\u00adje \u0107e \u017ei\u00adve\u00adti na Ze\u00admlji. Car Ju\u00adsti\u00adni\u00adjan je 553. godine u Kon\u00adstan\u00adti\u00adno\u00adpo\u00adlju uki\u00adnuo re\u00adin\u00adkar\u00adna\u00adci\u00adju \u201ebo\u00ad\u017ean\u00adskom od\u00adlu\u00adkom ca\u00adra\u201c.\u00a0 pod pri\u00adti\u00adskom svo\u00adje \u017ee\u00adne Te\u00ado\u00addo\u00adre ko\u00adja se zbog svo\u00adjih ne\u00adde\u00adla bo\u00adja\u00adla svo\u00adje kar\u00adme, od\u00adno\u00adsno sle\u00adde\u00ad\u0107eg \u017ei\u00advo\u00adta.Car je ovom pri\u00adli\u00adkom po\u00adno\u00advo pro\u00adkleo Ori\u00adge\u00adno\u00advo u\u010de\u00adnje o po\u00adnov\u00adnom ra\u00ad\u0111a\u00adnju i upu\u00adtio mu petnaest ana\u00adte\u00adma.<\/p>\n<p>Re\u00adin\u00adkar\u00adna\u00adci\u00adja je evolucija du\u0161e, na\u00adgra\u00adda svi\u00adma i da\u00adje pri\u00adli\u00adku za \u201epo\u00adprav\u00adni\u201c, kako bismo definisali sebe kao najveli\u010danstveniju verziju svoje najuzvi\u0161enije vizije \u2013 ko smo, da se to pro\u017eivi i jo\u0161 ne\u00ad\u0161to is\u00adkusi i raz\u00adu\u00adme. Da i ni\u00adje isti\u00adni\u00adta, re\u00adin\u00adkar\u00adna\u00adci\u00adju bi tre\u00adba\u00adlo iz\u00admi\u00adsli\u00adti, bar ona\u00adko ube\u00addlji\u00advo ka\u00adko su iz\u00admi\u00ad\u0161lje\u00adne i na\u00adgla\u00ad\u0161a\u00adva\u00adne be\u00adsmi\u00adsle\u00adne pri\u00ad\u010de o iskon\u00adskom gre\u00adhu, o ra\u00adju i pa\u00adklu, bo\u017ejem gnevu i stra\u00ad\u0161nom su\u00addu, \u0111a\u00advo\u00adli\u00adma i de\u00admo\u00adni\u00adma&#8230;<\/p>\n<p>Teraju na razmi\u0161ljanje i naj\u00adu\u00adbe\u00addlji\u00advi\u00adje do\u00adka\u00adze o se\u00adlje\u00adnju du\u00ad\u0161e pru\u00ad\u017ea\u00adju de\u00adca. Jed\u00adna se ra\u00ad\u0111a\u00adju zdra\u00adva i bo\u00adga\u00adta, dru\u00adga bo\u00adle\u00adsna, sle\u00adpa, si\u00adro\u00adma\u00ad\u0161na i ne\u00adma\u00adju iste uslo\u00adve u jed\u00adnom \u017ei\u00advo\u00adtu. Ne\u00adka\u00adda se (deo) du\u00ad\u0161e iz od\u00adre\u00ad\u0111e\u00adnih raz\u00adlo\u00adga na\u00adkrat\u00adko in\u00adkar\u00adni\u00adra\u00adju pa iza\u00adbe\u00adru is\u00adku\u00adstvo abor\u00adtu\u00adsa ili br\u00adzu smrt. Ovo se \u010di\u00adni iz li\u010d\u00adnog raz\u00adlo\u00adga (to ra\u00adde i du\u00adhov\u00adni vo\u00addi\u00ad\u010di ko\u00adji\u00adma ne\u00addo\u00adsta\u00adje od\u00adre\u00ad\u0111e\u00adno is\u00adku\u00adstvo) ili s na\u00adme\u00adrom da trg\u00adnu i pro\u00adbu\u00adde ro\u00addi\u00adte\u00adlje (\u010de\u00adsto je to vra\u00ad\u0107a\u00adnje ne\u00adkog \u201edu\u00adga\u201c) ka\u00adko bi se usme\u00adri\u00adli u ne\u00adkom dru\u00adgom prav\u00adcu, raz\u00admi\u00ad\u0161lja\u00adli o \u017ei\u00advo\u00adtu i smr\u00adti i po\u00adsta\u00advlja\u00adli se\u00adbi i dru\u00adgi\u00adma mno\u00adga on\u00adto\u00adlo\u00ad\u0161ka pi\u00adta\u00adnja. Do\u00adga\u00ad\u0111a se da du\u00ad\u0161a stvori i iza\u00adbe\u00adre da se in\u00adkar\u00adni\u00adra u hen\u00addi\u00adke\u00adpi\u00adra\u00adno te\u00adlo da bi \u0161to ma\u00adnje u\u010de\u00adstvo\u00adva\u00adla u fi\u00adzi\u010d\u00adkim ak\u00adtiv\u00adno\u00adsti\u00adma i kroz fi\u00adzi\u010d\u00adke te\u00ad\u0161ko\u00ad\u0107e i ote\u00ad\u017ea\u00adnu ko\u00admu\u00adni\u00adka\u00adci\u00adju raz\u00advi\u00adla men\u00adtal\u00adne spo\u00adsob\u00adno\u00adsti i ubr\u00adza\u00adla svoj du\u00adhov\u00adni rast.<\/p>\n<p>Kosmos predstavlja savr\u0161en kvantni kompjuter u koji je ugra\u0111ena nezamisliva tehnologija i tu se ni\u0161ta ne doga\u0111a slu\u010dajno. Bog se ne me\u0161a u na\u0161u sudbinu niti od nas ne\u0161to \u017eeli ili o\u010dekuje, ni\u0161ta mu nije potrebno. U stvari, ni nama ni\u0161ta nije potrebno, jer smo ve\u0107 tamo gde \u017eelimo da budemo i ono smo \u0161to \u017eelimo da postanemo, a \u017eivot u fizi\u010dkom svetu nam slu\u017ei da se toga setimo, \u0161to smo namerno zaboravili iz poznatih razloga. Svi imamo ve\u010dno sre\u0107nu sudbinu koju ne mo\u017eemo izbe\u0107i. Bog ne zahteva ni da verujemo u njega, niti da ga volimo i da mu se molimo. Niko mu ne mo\u017ee naneti neku \u0161tetu niti mo\u017ee da ga povredi, pa za\u0161to bi nas ka\u017enjavao i stavljao na ve\u010dne muke, koja je svrha toga? Zar ima jo\u0161 onih koji ne\u0107e da misle sami, nego prihvataju ovako besmislenu pri\u010du. Bog je stvorio kosmi\u010dke zakone, savr\u0161ene, pravedne i jednake za sve. Te zakone je objasnio a svakome je dao mogu\u0107nost da sam stvara svoj \u017eivot i svoju sudbinu dok je u fizi\u010dkom telu.<\/p>\n<p>Ra\u00ad\u0111a\u00adnje iz\u00adu\u00adzet\u00adno na\u00adda\u00adre\u00adne de\u00adce je\u00addi\u00adno se mo\u00ad\u017ee ob\u00adja\u00adsni\u00adti te\u00ado\u00adri\u00adjom re\u00adin\u00adkar\u00adna\u00adci\u00adje.<\/p>\n<p>Svi zna\u00admo pri\u00adme\u00adre da od vi\u00ad\u0161e de\u00adce istih ro\u00addi\u00adte\u00adlja jed\u00adno bu\u00adde po\u00adseb\u00adno, mno\u00adgo druk\u00ad\u010di\u00adje a po\u00adne\u00adkad iz\u00adu\u00adzet\u00adno na\u00adda\u00adre\u00adno. \u010cak i bli\u00adzan\u00adci mo\u00adgu bi\u00adti vr\u00adlo raz\u00adli\u00ad\u010di\u00adti, \u0161to se ne mo\u00ad\u017ee pre\u00adba\u00adci\u00adti na ge\u00adne\u00adti\u00adku, uz\u00adrast ro\u00addi\u00adte\u00adlja ili am\u00adbi\u00adjent u ko\u00adm su de\u00adca ro\u00ad\u0111e\u00adna i ra\u00adsla.<\/p>\n<p>Tu\u00adma\u00ad\u010di\u00adti ove raz\u00adli\u00adke od ro\u00ad\u0111e\u00adnja bo\u017e\u00adjom ka\u00adznom ili mi\u00adlo\u00ad\u0161\u0107u na\u00adiv\u00adno je i ne\u00adpri\u00adhva\u00adtlji\u00advo. Ako Bog ka\u00ad\u017enja\u00adva (i smr\u00ad\u0107u) tek ro\u00ad\u0111e\u00adnu i nevinu de\u00adcu, ni\u00adje ja\u00adsno ka\u00adko po\u00adje\u00addi\u00adni lju\u00addi za\u00admi\u00ad\u0161lja\u00adju tog svog hi\u00adro\u00advi\u00adtog Bo\u00adga. Ako bi se Bog u sve me\u00ad\u0161ao, on bi bio re\u00ad\u017ei\u00adser i svih ne\u00adprav\u00addi i licemerno bi negirao slobodnu volju koju nam je dao. Nikakva ograni\u010denja nam nisu postavljena. \u010cak ni deset bo\u017ejih zapovesti ne poti\u010du od boga, ljudi su to izmislili.<\/p>\n<p>Se\u00adti\u00admo se da je Mo\u00adcart u pe\u00adtoj go\u00addi\u00adni kom\u00adpo\u00adno\u00advao me\u00adnu\u00ade\u00adte a u osmoj so\u00adna\u00adte. Ve\u00adli\u00adki ma\u00adte\u00adma\u00adti\u00ad\u010dar Blez Pa\u00adskal u \u0161esnaestoj go\u00addi\u00adni ot\u00adkrio je zna\u00ad\u010daj\u00adnu te\u00ado\u00adre\u00admu ko\u00adja sa\u00adda no\u00adsi nje\u00adgo\u00advo ime. Do svo\u00adje dvadeset \u010detvrte za\u00ado\u00adkru\u00ad\u017eio je svoj na\u00adu\u010d\u00adni rad sa va\u017enim ot\u00adkri\u00ad\u0107i\u00adma iz obla\u00adsti ve\u00adro\u00advat\u00adno\u00ad\u0107e, pri\u00adti\u00adska u te\u010d\u00adno\u00adsti, pri\u00adti\u00adska va\u00adzdu\u00adha&#8230;<\/p>\n<p>Sve vi\u0161e dece se ra\u0111a sa se\u0107anjem bar na jedan prethodni \u017eivot. Znam nekoliko takve dece i odraslih. Ja se (delimi\u010dno) se\u0107am nekoliko pro\u0161lih \u017eivota, a najpotpunije pro\u0161log, kada sam \u017eiveo u Francuskoj i zvao sam se Fransoa Rober Trudo. Tada sam bio lekar a bavio sam se i pisanjem i hipnozom. Sa\u010duvani su neki moji tada\u0161nji radovi i portret.<\/p>\n<p>Pro\u0161li \u017eivoti uti\u010du na na\u0161 sada\u0161nji \u017eivot sli\u010dno kao \u0161to detinjstvo uti\u010de na odraslu osobu i postaje psiholo\u0161ka osnova za njen dalji razvoj. Od pro\u0161lih \u017eivota mogu da zavise na\u0161e odluke i izbori, ali mi nemamo nikakvih dugova niti grehova, pa ne postoji karma, u smislu kako je laici zami\u0161ljaju.<\/p>\n<p>Jak dokaz za postojanje reinkarnacije jeste i taj \u0161to u regresijama koje sam radio sve osobe prolaze kroz vi\u0161e \u017eivota i smrti a neke osobe govore i razumeju neki\u00a0 strani jezik koji ranije nisu u\u010dile niti znale. Ova sposobnost se naziva ksenoglosija. Nekoliko takvih primera imao sam i u radu s decom.<\/p>\n<p>O jo\u0161 ne\u00adkim pri\u00adme\u00adri\u00adma sa\u00adgle\u00adda\u00adva\u00adnja \u201epro\u00ad\u0161lih\u201c \u017ei\u00advo\u00adta i na\u00ad\u010di\u00adnu da se to sa\u00adzna\u00adnje i se\u00ad\u0107a\u00adnje ko\u00adri\u00adsti u ovom \u017ei\u00advo\u00adtu, mo\u017eete na\u0107i u mo\u00adjim knjigama.<\/p>\n<p>Bio sam u kontaktu sa visoko razvijenom du\u0161om (\u010detiri puta po 90 minuta) sa kojom sam imao zajedni\u010dku inkarnaciju u Egiptu za vreme \u017eene-faraona Hat\u0161epsut. Ta visoko razvijena du\u0161a mi je odgovorila na veliki broj pitanja i rakla mi je, pored ostalog, da je Nikola Tesla nekada bio Arhimed. O ovome mo\u017eete vi\u0161e na\u0107i u mojoj knjizi <em>Sedma knjiga<\/em>.<\/p>\n<p>\u017delim da saop\u0161tim da se, po tvr\u0111enju iste visoko razvijene du\u0161e iz duhovne dimenzije, Nikola Tesla ponovo inkarnirao i sada se zove Saul Perlmuter. On je astro fizi\u010dar, profesor fizike na Berkliju a 2011. osvojio je polovinu Nobelove nagrade za fiziku, a drugu polovinu dele Brian Schmidt i Adam Riess. Oni su dokazali da se \u0161irenje svemira ubrzava. Saul je ro\u0111en u Pensilvaniji 1959, u jevrejskoj A\u0161kenazi porodici. Ima dve sestre a supruga mu se zove Laura Nelson, antropolog je na Berkliju.<\/p>\n<p>.<\/p>\n<p><a href=\"http:\/\/kpv.rs\/wp-content\/uploads\/2015\/08\/TE-1.jpg\"><img decoding=\"async\" loading=\"lazy\" class=\"alignleft  wp-image-3374\" src=\"http:\/\/kpv.rs\/wp-content\/uploads\/2015\/08\/TE-1.jpg\" alt=\"TE 1\" width=\"147\" height=\"221\" \/><\/a><\/p>\n<p>Sve se vi\u00ad\u0161e pri\u00adme\u00adra i do\u00adka\u00adza re\u00adin\u00adkar\u00adna\u00adci\u00adje po\u00adja\u00advlju\u00adje i u za\u00adpad\u00adnoj kul\u00adtu\u00adri. Tu ima do\u00adsta ot\u00adpo\u00adra jer je jak uticaj hri\u00ad\u0161\u0107an\u00adske Crkve koja (sa\u00adda) ne pri\u00adhva\u00adta ta\u00adkvu mo\u00adgu\u0107\u00adnost. Ovo je \u010dudno i zbog toga \u0161to se u Jevan\u0111eljima na vi\u0161e mesta nedvosmisleno ukazuje na reinkarnaciju.Crkva stalno i mnogo gre\u0161i i kasni. Interesantno je da rimska katoli\u010dka crkva, odnosno Papa Jovan Pavle II, tek 1992. godine priznaje gre\u0161ku od pre tri ipo veka, kada su osudili Galileja zbog toga \u0161to je tvrdio da Zemlja nije u centru Sun\u010devog sistema, nego Sunce. Ali, ovaj papa je 1999. godine u julu mesecu rekao da pakao nije neko stvarno mesto&#8230; \u010dime se direktno suprotstavio apostolu Jovanu i u\u010denju Biblije (Otkrovenje,14:10; 20:10; 21:8).<\/p>\n<table>\n<tbody>\n<tr>\n<td width=\"199\">\n<table width=\"100%\">\n<tbody>\n<tr>\n<td><strong>Saul Perlmuter<\/strong><\/td>\n<\/tr>\n<\/tbody>\n<\/table>\n<\/td>\n<\/tr>\n<\/tbody>\n<\/table>\n<p>Po\u00adzna\u00adte su i potvr\u0111ene in\u00adkar\u00adna\u00adci\u00adje Ru\u00adben\u00adsa u Aka\u00adi\u00adnu Kra\u00adma\u00adrik i Ane Frank u Bar\u00adbro Kar\u00adlen. Pre nekoliko godina, imao sam za\u00addo\u00advolj\u00adstvo da li\u010d\u00adno upo\u00adznam go\u00adspo\u00ad\u0111u Kar\u00adlen i da sa njom budem u jednoj TV emisiji a ka\u00adsni\u00adje i da pro\u00ad\u010di\u00adtam nje\u00adnu knji\u00adgu <em>A vu\u00adko\u00advi su za\u00advi\u00adja\u00adli.<\/em> U ovoj po\u00adtre\u00adsnoj knji\u00adzi, ko\u00adja je u st\u00adva\u00adri se\u00ad\u0107a\u00adnje i sve\u00addo\u00ad\u010de\u00adnje go\u00adspo\u00ad\u0111e Kar\u00adlen na pret\u00adhod\u00adni \u017ei\u00advot ka\u00adda je bi\u00adla Ana Frank, mo\u00ad\u017ee\u00adte na\u00ad\u0107i jo\u0161 je\u00addan pri\u00admer se\u00ad\u0107a\u00adnja i komisijski po\u00adtvr\u0111enu re\u00adin\u00adkar\u00adna\u00adci\u00adju.<\/p>\n<p>Uz inicijalnu pomo\u0107 duhovnih bi\u0107a i veliki istra\u017eiva\u010dki rad, sa\u00adda zna\u00admo da se po\u00adno\u00advo ro\u00addio i \u010carls Di\u00adkens kao D\u017eoana K. Ro\u00adu\u00adling, au\u00adtor\u00adka se\u00adri\u00adje knji\u00adga o Ha\u00adri\u00adju Po\u00adte\u00adru, Pol Go\u00adgen kao Pi\u00adter Tikemp, Pablo Pikaso kao Aleksandra Ne\u010dit, Da\u00adni\u00adjel Mor\u00adgan kao D\u017eord\u017e Bu\u0161, D\u017eems Vil\u00adson kao vo\u00addi\u00adtelj\u00adka Opra Vin\u00adfri, Mi\u00adke\u00adlan\u00ad\u0111e\u00adlo kao Pol-Fe\u00adliks Mon\u00adtez, Do\u00adro\u00adti Den\u00addrid\u017e po\u00adno\u00advo je glu\u00admi\u00adca pod ime\u00adnom Ha\u00adli Be\u00adri. Svi oni znaju za ovo i slo\u017eili su se da se sve istra\u017ei i doka\u017ee i dali su dozvolu da se to objavi uz kori\u0161\u0107enje fotografija. Po\u00adno\u00advo su ro\u00ad\u0111e\u00adni i No\u00adstra\u00adda\u00admus, Merlin Monro, Do\u00adto\u00adjev\u00adski, Tol\u00adstoj, Frojd&#8230; i znaju se njihove sada\u0161nje inkarnacije \u2013 imena, zanimanja, mesta boravka.<\/p>\n<p>Ima dosta poznatih li\u010dnosti koje su sada inkarnirane u Srbiji. \u00a0 \u00a0 \u00a0Neke razvijenije du\u0161e stvore po dva ili vi\u0161e fizi\u010dkih tela koja istovremeno \u017eive u fizi\u010dkom svetu, radi ubrzanog u\u010denja, odnosno sticanja iskustva. To se naziva paralelna ili podeljena inkarnacija.<\/p>\n<p>Tesla ima jo\u0161 jednu paralelnu inkarnaciju a zove se Patrik Flanagan. Ova osoba se bavi elektronikom i patentima <img decoding=\"async\" loading=\"lazy\" class=\"alignleft  wp-image-3375\" src=\"http:\/\/kpv.rs\/wp-content\/uploads\/2015\/08\/TE2.jpg\" alt=\"TE2\" width=\"188\" height=\"216\" \/>sa jakim osvrtom na duhovna znanja.<\/p>\n<p>Njegovi izumi mu dolaze u snu, a ako ih ne dobije ispravno ili potpuno, dolaze mu u vizijama, ponekad u trajanju od 5 sekundi.<\/p>\n<p>Kada je imao 9,5 godina u Severnoj Dakoti, sagradio je 14 MHz Teslin kalem, kojim proizvodi munje u du\u017eini od 6 metara.Patrikov N\u0435ur\u043ef\u043e\u043d je \u010dekao 14 godina da Kancelarija za patente SAD izda dozvolu, jer Ministarstvo odbrane smatra da je ure\u0111aj od vitalnog zna\u010daja za nacionalnu bezbednoast.<\/p>\n<p>&nbsp;<\/p>\n<table>\n<tbody>\n<tr>\n<td width=\"199\">\n<table width=\"100%\">\n<tbody>\n<tr>\n<td><strong>Patrick Flanagan<\/strong><\/td>\n<\/tr>\n<\/tbody>\n<\/table>\n<\/td>\n<\/tr>\n<\/tbody>\n<\/table>\n<p>Patrik se se\u0107a svog \u017eivota kao Nikola Tesla i to je govorio majci kada je bio dete i kada ni on ni majka nisu znali ko je bio Nikola Tesla. \u00a0Kod Saula i kod Patrika su nagla\u0161ene sklonosti za nauku i tehnologiju.<\/p>\n<p>Duhovni vodi\u010di su mi rekli da imam \u201esrodnu du\u0161u\u201c ili jo\u0161 jedan paralelni \u017eivot (dvojnika, moja du\u0161a je formirala jo\u0161 jednu li\u010dnost, Piter Miler; mo\u017ee se re\u0107i da je to jo\u0161 jedna holografska projekcija na\u0161e Monade ili Nad-du\u0161e) u Ma\u0111arskoj. Prona\u0161ao sam Pitera i on se isto bavi duhovnim radom i isceljenjem, pi\u0161e knjige sli\u010dne sadr\u017eine kao \u0161to su moje, ina\u010de je reditelj, vrlo sli\u010dnog smo izgleda &#8230;<\/p>\n<table>\n<tbody>\n<tr>\n<td width=\"199\">\n<table width=\"100%\">\n<tbody>\n<tr>\n<td><strong>Piter Miler<\/strong><\/td>\n<\/tr>\n<\/tbody>\n<\/table>\n<p><img decoding=\"async\" loading=\"lazy\" class=\"alignleft  wp-image-3376\" src=\"http:\/\/kpv.rs\/wp-content\/uploads\/2015\/08\/TE3.jpg\" alt=\"TE3\" width=\"223\" height=\"204\" srcset=\"http:\/\/kpv.rs\/wp-content\/uploads\/2015\/08\/TE3.jpg 609w, http:\/\/kpv.rs\/wp-content\/uploads\/2015\/08\/TE3-300x274.jpg 300w\" sizes=\"(max-width: 223px) 100vw, 223px\" \/><\/td>\n<\/tr>\n<\/tbody>\n<\/table>\n<p>Dao mi je dozvolu da mogu navesti njegovo pravo ime i da koristim njegovu sliku-portret.<\/p>\n<p><strong>Autor je profesor, duhovni u\u010ditelj, pisac&#8230;<\/strong><\/p>\n\n<div class=\"jwsharethis\">\nPodelite \u010dlanak: \n<br \/>\n<a href=\"mailto:?subject=Reinkarnacija&amp;body=http%3A%2F%2Fkpv.rs%2F%3Fp%3D3372\">\n<img src=\"http:\/\/kpv.rs\/wp-content\/plugins\/jw-share-this\/email.png\" alt=\"Podelite putem email-a\" \/>\n<\/a>\n<a target=\"_blank\" href=\"http:\/\/www.facebook.com\/sharer.php?u=http%3A%2F%2Fkpv.rs%2F%3Fp%3D3372&amp;t=Reinkarnacija\">\n<img src=\"http:\/\/kpv.rs\/wp-content\/plugins\/jw-share-this\/fb.png\" alt=\"Podelite ovaj tekst na facebook-u\" \/>\n<\/a>\n<a target=\"_blank\" href=\"http:\/\/twitter.com\/intent\/tweet?text=I+like+http%3A%2F%2Fkpv.rs%2F%3Fp%3D3372&amp;title=Reinkarnacija\">\n<img src=\"http:\/\/kpv.rs\/wp-content\/plugins\/jw-share-this\/twitter.png\" alt=\"Podelite putem Twitter-a\" \/>\n<\/a>\n<\/div>\n","protected":false},"excerpt":{"rendered":"<p>Nikola Tesla se ponovo inkarnirao i dobio Nobelovu nagradu 2011. Pi\u0161e: Milovan Mi\u0107a Jovanovi\u0107 Da li smo ve\u0107 \u017ei\u00adve\u00adli na Ze\u00admlji? Ako je\u00adsmo \u2013 kog smo bi\u00adli po\u00adla, ra\u00adse, ve\u00adre&#8230;? Gde smo \u017ei\u00adve\u00adli i \u0161ta smo ra\u00addi\u00adli? Da li i ka\u00adko pret\u00adhod\u00adni \u017ei\u00advot uti\u00ad\u010de na sa\u00adda\u00ad\u0161nji? Da li smo se i ra\u00adni\u00adje sre\u00adta\u00adli s ne\u00adkim [&hellip;]<\/p>\n","protected":false},"author":53,"featured_media":0,"comment_status":"open","ping_status":"open","sticky":false,"template":"","format":"standard","meta":[],"categories":[12,38,47],"tags":[],"_links":{"self":[{"href":"http:\/\/kpv.rs\/index.php?rest_route=\/wp\/v2\/posts\/3372"}],"collection":[{"href":"http:\/\/kpv.rs\/index.php?rest_route=\/wp\/v2\/posts"}],"about":[{"href":"http:\/\/kpv.rs\/index.php?rest_route=\/wp\/v2\/types\/post"}],"author":[{"embeddable":true,"href":"http:\/\/kpv.rs\/index.php?rest_route=\/wp\/v2\/users\/53"}],"replies":[{"embeddable":true,"href":"http:\/\/kpv.rs\/index.php?rest_route=%2Fwp%2Fv2%2Fcomments&post=3372"}],"version-history":[{"count":5,"href":"http:\/\/kpv.rs\/index.php?rest_route=\/wp\/v2\/posts\/3372\/revisions"}],"predecessor-version":[{"id":3386,"href":"http:\/\/kpv.rs\/index.php?rest_route=\/wp\/v2\/posts\/3372\/revisions\/3386"}],"wp:attachment":[{"href":"http:\/\/kpv.rs\/index.php?rest_route=%2Fwp%2Fv2%2Fmedia&parent=3372"}],"wp:term":[{"taxonomy":"category","embeddable":true,"href":"http:\/\/kpv.rs\/index.php?rest_route=%2Fwp%2Fv2%2Fcategories&post=3372"},{"taxonomy":"post_tag","embeddable":true,"href":"http:\/\/kpv.rs\/index.php?rest_route=%2Fwp%2Fv2%2Ftags&post=3372"}],"curies":[{"name":"wp","href":"https:\/\/api.w.org\/{rel}","templated":true}]}}