{"id":369,"date":"2011-06-23T12:19:19","date_gmt":"2011-06-23T12:19:19","guid":{"rendered":"http:\/\/kpv.rs\/?p=369"},"modified":"2011-06-23T12:22:55","modified_gmt":"2011-06-23T12:22:55","slug":"kpv-no-8-sadrzaj","status":"publish","type":"post","link":"http:\/\/kpv.rs\/?p=369","title":{"rendered":"KPV No.8 sadr\u017eaj"},"content":{"rendered":"<p><strong>TEMA BROJA <\/strong><\/p>\n<p><a href=\"http:\/\/kpv.rs\/?p=363\">KOMUNIKACIJA U DOBA GLOBALIZMA:\u00a0 IZAZOVI I POTENCIJALI<\/a><br \/>\nMi\u0161a Vasi\u0107<\/p>\n<p><strong>ASTRONOMIJA, ASTROFIZIKA<\/strong><\/p>\n<p><a href=\"http:\/\/kpv.rs\/?p=360\">Sun\u010deva aktivnost i ljudska svest <\/a><br \/>\nPriredila Branka Mraz<\/p>\n<p><a href=\"http:\/\/kpv.rs\/?p=354\">CERN \u2013 iznena\u0111uju\u0107i prvi rezultati<\/a><\/p>\n<p><a href=\"http:\/\/kpv.rs\/?p=357\">SUDAR GALAKSIJA IZAZVAO IZUZETNO JAKO KOSMI\u010cKO ZRA\u010cENJE<\/a><\/p>\n<p><a href=\"http:\/\/kpv.rs\/?p=348\">Teorija Pra-re\u010di &#8211; Bo\u017eja fizika <\/a><br \/>\nPriredila Branka Mraz<\/p>\n<p><strong>TESLA uvek aktuelan<\/strong><\/p>\n<p><a href=\"http:\/\/kpv.rs\/?p=335\">Inteligentne eterske energije<\/a><br \/>\nAutor: dipl. in\u017e. Goran Marjanovi\u0107<\/p>\n<p><strong>INFORMACIONE TEHNOLOGIJE <\/strong><br \/>\n<a href=\"http:\/\/kpv.rs\/?p=327\">PROTO \u2013 MATRIJARHALNA MATRICA BUDU\u0106EG PLANETARNOG DRU\u0160TVA <\/a><br \/>\nPi\u0161e: Mi\u0161a Vasi\u0107<\/p>\n<p><strong>SMELE IDEJE<\/strong><br \/>\n<a href=\"http:\/\/kpv.rs\/?p=314\">KOSMOS, VREME I CRNE RUPE <\/a><br \/>\nPi\u0161e prof.- dr. Velimir Abramovi\u0107<\/p>\n<p><a href=\"http:\/\/kpv.rs\/?p=305\">OPA\u017dANJE UMOM, E.S.P. ILI TRANSFER \u010cESTICA SVESNOSTI <\/a><br \/>\nPi\u0161e dipl.-in\u017e. Goran Marjanovi\u0107<\/p>\n<p><strong>NOVE TEHNOLOGIJE <\/strong><\/p>\n<p><a href=\"http:\/\/kpv.rs\/?p=280\">ORGANSKA BATERIJA VELIKE\u00a0 ENERGIJE <\/a><\/p>\n<p><a href=\"http:\/\/kpv.rs\/?p=284\">ELEKTRO AUTOMOBILI U PARIZU<\/a><\/p>\n<p><a href=\"http:\/\/kpv.rs\/?p=300\">AUTO BUDU\u0106NOSTI \u2013 \u0160EVROLET EN-V?<\/a><\/p>\n<p><a href=\"http:\/\/kpv.rs\/?p=286\">PROGLEDAO UZ POMO\u0106 \u010cIPA<\/a><\/p>\n<p><a href=\"http:\/\/kpv.rs\/?p=294\">Rekord AUDI A2 \u2013 Elektro Nemesis br\u017ei od Ferarija<\/a><\/p>\n<p><strong>SPIRITUALNOST <\/strong><br \/>\n<a href=\"http:\/\/kpv.rs\/?p=266\">Kapetani svojih gena &#8211; Priredila Branka Mraz<\/a><\/p>\n<p><strong>EKOLOGIJA <\/strong><br \/>\n<a href=\"http:\/\/kpv.rs\/?p=236\">Nagrada \u201cEnergy Globe Award\u201d za samogrejne eko-ku\u0107e<\/a><\/p>\n<p><strong>OBNOVLJIVI IZVORI ENERGIJE <\/strong><br \/>\n<a href=\"http:\/\/kpv.rs\/?p=239\">ENERGIJA VAKUMA \u2013 EKSPERIMENTALNO DOKAZANO! <\/a><br \/>\nRevizija zakona odr\u017eanja energije ili apokalipsa<br \/>\nVeljko Milkovi\u0107<\/p>\n<p><strong>ARHEOLOGIJA<\/strong><br \/>\n<a href=\"http:\/\/kpv.rs\/?p=262\">Zeharia Si\u010din 1920-2010<\/a><\/p>\n<p><a href=\"http:\/\/kpv.rs\/?p=257\">NOVA OTKRI\u0106A NA BOSANSKOJ PIRAMIDI MJESECA <\/a><\/p>\n<p><strong>ZDRAVLJE <\/strong><br \/>\n<a href=\"http:\/\/kpv.rs\/?p=247\">Teslini talasi u slu\u017ebi medicine 21 veka<br \/>\n<\/a><br \/>\n<strong>PSIHOLOGIJA <\/strong><br \/>\n<a href=\"http:\/\/kpv.rs\/?p=244\">MATEMATI\u010cKI MODEL PSIHOLO\u0160KOG SISTEMA \u010cOVEKA <\/a><\/p>\n<p><strong>TRADICIJA<\/strong><br \/>\n<a href=\"http:\/\/kpv.rs\/?p=225\">NAJDU\u017dE \u010cUVANA TAJNA U ISTORIJI<\/a><br \/>\nPi\u0161e mr. Nata\u0161a Kosti\u0107<\/p>\n<p><a href=\"http:\/\/kpv.rs\/?p=222\">KVANTNO HOLOGRAMSKA MEDICINA <\/a><br \/>\nAutor:\u00a0 dr Zlata Jovanovic Ignjati\u0107<\/p>\n\n<div class=\"jwsharethis\">\nPodelite \u010dlanak: \n<br \/>\n<a href=\"mailto:?subject=KPV%20No.8%20sadr%C5%BEaj&amp;body=http%3A%2F%2Fkpv.rs%2F%3Fp%3D369\">\n<img src=\"http:\/\/kpv.rs\/wp-content\/plugins\/jw-share-this\/email.png\" alt=\"Podelite putem email-a\" \/>\n<\/a>\n<a target=\"_blank\" href=\"http:\/\/www.facebook.com\/sharer.php?u=http%3A%2F%2Fkpv.rs%2F%3Fp%3D369&amp;t=KPV+No.8+sadr%C5%BEaj\">\n<img src=\"http:\/\/kpv.rs\/wp-content\/plugins\/jw-share-this\/fb.png\" alt=\"Podelite ovaj tekst na facebook-u\" \/>\n<\/a>\n<a target=\"_blank\" href=\"http:\/\/twitter.com\/intent\/tweet?text=I+like+http%3A%2F%2Fkpv.rs%2F%3Fp%3D369&amp;title=KPV+No.8+sadr%C5%BEaj\">\n<img src=\"http:\/\/kpv.rs\/wp-content\/plugins\/jw-share-this\/twitter.png\" alt=\"Podelite putem Twitter-a\" \/>\n<\/a>\n<\/div>\n","protected":false},"excerpt":{"rendered":"<p>TEMA BROJA KOMUNIKACIJA U DOBA GLOBALIZMA:\u00a0 IZAZOVI I POTENCIJALI Mi\u0161a Vasi\u0107 ASTRONOMIJA, ASTROFIZIKA Sun\u010deva aktivnost i ljudska svest Priredila Branka Mraz CERN \u2013 iznena\u0111uju\u0107i prvi rezultati SUDAR GALAKSIJA IZAZVAO IZUZETNO JAKO KOSMI\u010cKO ZRA\u010cENJE Teorija Pra-re\u010di &#8211; Bo\u017eja fizika Priredila Branka Mraz TESLA uvek aktuelan Inteligentne eterske energije Autor: dipl. in\u017e. Goran Marjanovi\u0107 INFORMACIONE TEHNOLOGIJE PROTO [&hellip;]<\/p>\n","protected":false},"author":53,"featured_media":0,"comment_status":"open","ping_status":"open","sticky":false,"template":"","format":"standard","meta":[],"categories":[32],"tags":[],"_links":{"self":[{"href":"http:\/\/kpv.rs\/index.php?rest_route=\/wp\/v2\/posts\/369"}],"collection":[{"href":"http:\/\/kpv.rs\/index.php?rest_route=\/wp\/v2\/posts"}],"about":[{"href":"http:\/\/kpv.rs\/index.php?rest_route=\/wp\/v2\/types\/post"}],"author":[{"embeddable":true,"href":"http:\/\/kpv.rs\/index.php?rest_route=\/wp\/v2\/users\/53"}],"replies":[{"embeddable":true,"href":"http:\/\/kpv.rs\/index.php?rest_route=%2Fwp%2Fv2%2Fcomments&post=369"}],"version-history":[{"count":2,"href":"http:\/\/kpv.rs\/index.php?rest_route=\/wp\/v2\/posts\/369\/revisions"}],"predecessor-version":[{"id":376,"href":"http:\/\/kpv.rs\/index.php?rest_route=\/wp\/v2\/posts\/369\/revisions\/376"}],"wp:attachment":[{"href":"http:\/\/kpv.rs\/index.php?rest_route=%2Fwp%2Fv2%2Fmedia&parent=369"}],"wp:term":[{"taxonomy":"category","embeddable":true,"href":"http:\/\/kpv.rs\/index.php?rest_route=%2Fwp%2Fv2%2Fcategories&post=369"},{"taxonomy":"post_tag","embeddable":true,"href":"http:\/\/kpv.rs\/index.php?rest_route=%2Fwp%2Fv2%2Ftags&post=369"}],"curies":[{"name":"wp","href":"https:\/\/api.w.org\/{rel}","templated":true}]}}