{"id":508,"date":"2011-06-29T09:45:57","date_gmt":"2011-06-29T09:45:57","guid":{"rendered":"http:\/\/kpv.rs\/?p=508"},"modified":"2011-06-29T11:19:36","modified_gmt":"2011-06-29T11:19:36","slug":"solarni-avion","status":"publish","type":"post","link":"http:\/\/kpv.rs\/?p=508","title":{"rendered":"SOLARNI AVION"},"content":{"rendered":"<p><a href=\"http:\/\/kpv.rs\/wp-content\/uploads\/2011\/06\/solarni-avion.jpg\"><img decoding=\"async\" loading=\"lazy\" class=\"aligncenter size-medium wp-image-509\" title=\"Sadr\u009eaj KPV6 (u pripremi):\" src=\"http:\/\/kpv.rs\/wp-content\/uploads\/2011\/06\/solarni-avion-300x138.jpg\" alt=\"\" width=\"300\" height=\"138\" srcset=\"http:\/\/kpv.rs\/wp-content\/uploads\/2011\/06\/solarni-avion-300x138.jpg 300w, http:\/\/kpv.rs\/wp-content\/uploads\/2011\/06\/solarni-avion.jpg 959w\" sizes=\"(max-width: 300px) 100vw, 300px\" \/><\/a><\/p>\n<p><a href=\"http:\/\/kpv.rs\/wp-content\/uploads\/2011\/06\/solarni-avion.jpg\"><\/a>Solarni avion \u0161vajcarskog avanturiste Bertranda Pikarda uspe\u0161no je pro\u0161ao svoj prvi devi\u010danski let. Letom u trajanju 87 min. na visini 1200 m su se ovi pioniri pribli\u017eili svom cilju da u etapama od po 36 \u010dasovnom ob\u0111u svet i to samo na bazi solarne tehnologije.<\/p>\n<p><!--more-->\u201eOva misija je bila najriskantnija faza celog projekta. Tako jedan lagan a veliki avion do sada nije jo\u0161 leteo. Presre\u0107ni smo,\u201c\u00a0 ka\u017ee\u00a0 Andre Bor\u0161berg, CEO i suosniva\u010d\u00a0 Solar-Impulse-Projekts. Solarna letelica je bila pred hiljadama radoznalaca\u00a0 startovana sa aerodroma Payerne i nakon nekoliko okreta ponovo sigurno uzemljena. Pilot je bio nemac Markus \u0160erdel.<br \/>\n\u0160to se ti\u010de osobne leta i manevrisanja\u00a0 odgovorni na projektu izkazali su odu\u0161evljenje. \u201e Letelica se pona\u0161ala ta\u010dno onako kako smo se kroz simulator i nadali. \u0160to se ti\u010de poletanja na\u0161a o\u010dekivanja su i prevazi\u0111ena, avion se posle 200 metara sa brzinom 38km\/h uspeo podi\u0107i.,\u201c\u00a0 obja\u0161njava predstavnica za javnost.<br \/>\nJo\u0161 pre po\u010detka leta\u00a0 treba slede\u0107i bitan cilj da bude realizovan, no\u0107ni let.\u00a0 Do tada je planirano pet do \u0161est daljih\u00a0 letova, na kojima \u0107e solarnom avionu biti proverena puna funkcionalna sposobnost.<br \/>\nU okviru\u00a0 narednih letova\u00a0 poku\u0161a\u0107e se dosti\u0107i\u00a0 visina 8500 do 9000 metara. Predvi\u0111eno je da letelica leti isklju\u010divo pomo\u0107u energije dobijene sun\u010devom svetlos\u0107u.<br \/>\nZa svoj prvi let je avion bio opremljen sa punim baterijama.<\/p>\n\n<div class=\"jwsharethis\">\nPodelite \u010dlanak: \n<br \/>\n<a href=\"mailto:?subject=SOLARNI%20AVION&amp;body=http%3A%2F%2Fkpv.rs%2F%3Fp%3D508\">\n<img src=\"http:\/\/kpv.rs\/wp-content\/plugins\/jw-share-this\/email.png\" alt=\"Podelite putem email-a\" \/>\n<\/a>\n<a target=\"_blank\" href=\"http:\/\/www.facebook.com\/sharer.php?u=http%3A%2F%2Fkpv.rs%2F%3Fp%3D508&amp;t=SOLARNI+AVION\">\n<img src=\"http:\/\/kpv.rs\/wp-content\/plugins\/jw-share-this\/fb.png\" alt=\"Podelite ovaj tekst na facebook-u\" \/>\n<\/a>\n<a target=\"_blank\" href=\"http:\/\/twitter.com\/intent\/tweet?text=I+like+http%3A%2F%2Fkpv.rs%2F%3Fp%3D508&amp;title=SOLARNI+AVION\">\n<img src=\"http:\/\/kpv.rs\/wp-content\/plugins\/jw-share-this\/twitter.png\" alt=\"Podelite putem Twitter-a\" \/>\n<\/a>\n<\/div>\n","protected":false},"excerpt":{"rendered":"<p>Solarni avion \u0161vajcarskog avanturiste Bertranda Pikarda uspe\u0161no je pro\u0161ao svoj prvi devi\u010danski let. Letom u trajanju 87 min. na visini 1200 m su se ovi pioniri pribli\u017eili svom cilju da u etapama od po 36 \u010dasovnom ob\u0111u svet i to samo na bazi solarne tehnologije. Podelite \u010dlanak:<\/p>\n","protected":false},"author":53,"featured_media":0,"comment_status":"open","ping_status":"open","sticky":false,"template":"","format":"standard","meta":[],"categories":[13,7],"tags":[],"_links":{"self":[{"href":"http:\/\/kpv.rs\/index.php?rest_route=\/wp\/v2\/posts\/508"}],"collection":[{"href":"http:\/\/kpv.rs\/index.php?rest_route=\/wp\/v2\/posts"}],"about":[{"href":"http:\/\/kpv.rs\/index.php?rest_route=\/wp\/v2\/types\/post"}],"author":[{"embeddable":true,"href":"http:\/\/kpv.rs\/index.php?rest_route=\/wp\/v2\/users\/53"}],"replies":[{"embeddable":true,"href":"http:\/\/kpv.rs\/index.php?rest_route=%2Fwp%2Fv2%2Fcomments&post=508"}],"version-history":[{"count":2,"href":"http:\/\/kpv.rs\/index.php?rest_route=\/wp\/v2\/posts\/508\/revisions"}],"predecessor-version":[{"id":564,"href":"http:\/\/kpv.rs\/index.php?rest_route=\/wp\/v2\/posts\/508\/revisions\/564"}],"wp:attachment":[{"href":"http:\/\/kpv.rs\/index.php?rest_route=%2Fwp%2Fv2%2Fmedia&parent=508"}],"wp:term":[{"taxonomy":"category","embeddable":true,"href":"http:\/\/kpv.rs\/index.php?rest_route=%2Fwp%2Fv2%2Fcategories&post=508"},{"taxonomy":"post_tag","embeddable":true,"href":"http:\/\/kpv.rs\/index.php?rest_route=%2Fwp%2Fv2%2Ftags&post=508"}],"curies":[{"name":"wp","href":"https:\/\/api.w.org\/{rel}","templated":true}]}}