{"id":616,"date":"2011-06-29T15:06:42","date_gmt":"2011-06-29T15:06:42","guid":{"rendered":"http:\/\/kpv.rs\/?p=616"},"modified":"2011-07-05T11:43:59","modified_gmt":"2011-07-05T11:43:59","slug":"necu-stedljivu-sijalicu","status":"publish","type":"post","link":"http:\/\/kpv.rs\/?p=616","title":{"rendered":"NE\u0106U \u0160TEDLJIVU SIJALICU!"},"content":{"rendered":"<p style=\"text-align: center;\"><em><strong>Toplo svetlo na\u0161e sijalice je posle 120 godina osu\u0111eno na nestanak.  Sijalica, koja je bila generacijama ljudi simbol za inspiraciju i \u201e  sinulu ideju\u201c, 2016. nesta\u0107e iz na\u0161ih \u017eivota. <\/strong><\/em><\/p>\n<p style=\"text-align: center;\"><em>Pi\u0161e: Branka Mraz<\/em><\/p>\n<p style=\"text-align: left;\"><a href=\"http:\/\/kpv.rs\/wp-content\/uploads\/2011\/06\/18152-Promote-Cfl-Light-Bulbs-Energy-Efficient-Lamp-Energy-Saving-Lamp-1.jpg\"><img decoding=\"async\" loading=\"lazy\" class=\"aligncenter size-medium wp-image-617\" title=\"18152-Promote-Cfl-Light-Bulbs-Energy-Efficient-Lamp-Energy-Saving-Lamp-1\" src=\"http:\/\/kpv.rs\/wp-content\/uploads\/2011\/06\/18152-Promote-Cfl-Light-Bulbs-Energy-Efficient-Lamp-Energy-Saving-Lamp-1-215x300.jpg\" alt=\"\" width=\"215\" height=\"300\" srcset=\"http:\/\/kpv.rs\/wp-content\/uploads\/2011\/06\/18152-Promote-Cfl-Light-Bulbs-Energy-Efficient-Lamp-Energy-Saving-Lamp-1-215x300.jpg 215w, http:\/\/kpv.rs\/wp-content\/uploads\/2011\/06\/18152-Promote-Cfl-Light-Bulbs-Energy-Efficient-Lamp-Energy-Saving-Lamp-1.jpg 280w\" sizes=\"(max-width: 215px) 100vw, 215px\" \/><\/a><!--more-->Koncerni i politika  podr\u017eani grupama za za\u0161titu okoline (!?)  predstavili su je kao gre\u0161nicu.  Toga radi \u0107e biti u etapama  proterivana. Tim potezom se atakuje na  ljudsko zdravlje i okolinu.<br \/>\nStanovnici EU mogli su do septembra poslednji put kupiti sijalicu od 100W, do narednog septembra bi\u0107e izba\u010dena ona od 75W i tako dalje.<br \/>\n\u0160tedljive sijalice nisu ni blizi tako\u201czelene\u201c kako \u0161to imaju glas.. Njihovo svetlo ne samo da \u0161kodi o\u010dima nego i negativno uti\u010de na sekreciju hormona, kao posledicu izaziva nesanicu, napetost i niz ozbiljnih oboljenja.. Ba\u010dene u otpad truju okolinu \u017eivom, te se mora posebno organizovati skupljanje istro\u0161enih sijalica (kao i alkalnih baterija) i njihova recikla\u017ea.<br \/>\nIma se utisak da konzumenti instinktivno odbijaju \u0161tedljivu sijalicu i mnogi vredno skupljaju zalihe obi\u010dnih sijalica, uprkos masovnoj medijskoj akciji. Potpisuju se peticije i sve glasnije govori o besmislu ovog poteza\u2026<br \/>\nAleksandar Vun\u0161, predsednik International Light Asotiation, upozorava na opasnost plavog \u017eivinog svetla.<br \/>\n\u201eFluorescentno svetlo \u0161tedljivih sijalica ali i ravnih monitora i LCD televizora zra\u010di izrazito visok deo plavog svetla (daje ose\u0107aj hladno\u0107e).<br \/>\nPlavo svetlo remeti produkciju hormona, hormon melatonin je potisnut \u0161to vodi u nesanicu ali i druge hormonski uslovljene bolesti.<br \/>\nSuvi\u0161e plavog svetla o\u0161te\u0107uje izvesne osetne \u0107elije i smanjuje prirodnu sposobnost regeneracije mre\u017enja\u010de.\u201c<br \/>\nZbog enormne produkcije elektrosmoga, puno ljudi ose\u0107aju u neposrednoj blizini \u0161tedljive sijalice glavobolju, mu\u010dninu ili nedostatak koncentracije.<br \/>\nNije \u010dudo, fluorescentne svetiljke sadr\u017ee elektronski deo koji mre\u017eni napon impulsno pretvara u visok napon. Kroz to se cela mre\u017ea optere\u0107uje i stvara se znatno ja\u010de elektro magnetno zra\u010denje.<br \/>\n\u201esvaka ta sijalica je mali radio oda\u0161ilja\u010d koji \u0161alje agresivno modulirani 100Hz \u2013ton sa velikom brojem harmonijskih frekvencija\u201c \u2013upozorava \u0161vajcarska organizacija za za\u0161titu potro\u0161a\u010da.<br \/>\nPogledajte fotografiju \u0161ta pokazuje mera\u010d elektro smoga blizu \u0161trdljive sijalice a \u0161ta kod obi\u010dne.<br \/>\nU KPV 6 sazna\u0107ete: kako plavo svetlo izbacuje iz takta na\u0161 unutra\u0161nji sat i opasno ometa ritam dan \u2013no\u0107; Rak, jer je no\u0107 postala dan; Elektro smog? \u2013 jo\u0161 kako; \u201eNe veruj statistici koji nisi sam la\u017eirao\u201c-u\u0161teda u doma\u0107instvu realno ni blizu dok je profit za koncerne enorman.<\/p>\n\n<div class=\"jwsharethis\">\nPodelite \u010dlanak: \n<br \/>\n<a href=\"mailto:?subject=NE%C4%86U%20%C5%A0TEDLJIVU%20SIJALICU%21&amp;body=http%3A%2F%2Fkpv.rs%2F%3Fp%3D616\">\n<img src=\"http:\/\/kpv.rs\/wp-content\/plugins\/jw-share-this\/email.png\" alt=\"Podelite putem email-a\" \/>\n<\/a>\n<a target=\"_blank\" href=\"http:\/\/www.facebook.com\/sharer.php?u=http%3A%2F%2Fkpv.rs%2F%3Fp%3D616&amp;t=NE%C4%86U+%C5%A0TEDLJIVU+SIJALICU%21\">\n<img src=\"http:\/\/kpv.rs\/wp-content\/plugins\/jw-share-this\/fb.png\" alt=\"Podelite ovaj tekst na facebook-u\" \/>\n<\/a>\n<a target=\"_blank\" href=\"http:\/\/twitter.com\/intent\/tweet?text=I+like+http%3A%2F%2Fkpv.rs%2F%3Fp%3D616&amp;title=NE%C4%86U+%C5%A0TEDLJIVU+SIJALICU%21\">\n<img src=\"http:\/\/kpv.rs\/wp-content\/plugins\/jw-share-this\/twitter.png\" alt=\"Podelite putem Twitter-a\" \/>\n<\/a>\n<\/div>\n","protected":false},"excerpt":{"rendered":"<p>Toplo svetlo na\u0161e sijalice je posle 120 godina osu\u0111eno na nestanak. Sijalica, koja je bila generacijama ljudi simbol za inspiraciju i \u201e sinulu ideju\u201c, 2016. nesta\u0107e iz na\u0161ih \u017eivota. Pi\u0161e: Branka Mraz Podelite \u010dlanak:<\/p>\n","protected":false},"author":53,"featured_media":0,"comment_status":"open","ping_status":"open","sticky":false,"template":"","format":"standard","meta":[],"categories":[8,18,43],"tags":[],"_links":{"self":[{"href":"http:\/\/kpv.rs\/index.php?rest_route=\/wp\/v2\/posts\/616"}],"collection":[{"href":"http:\/\/kpv.rs\/index.php?rest_route=\/wp\/v2\/posts"}],"about":[{"href":"http:\/\/kpv.rs\/index.php?rest_route=\/wp\/v2\/types\/post"}],"author":[{"embeddable":true,"href":"http:\/\/kpv.rs\/index.php?rest_route=\/wp\/v2\/users\/53"}],"replies":[{"embeddable":true,"href":"http:\/\/kpv.rs\/index.php?rest_route=%2Fwp%2Fv2%2Fcomments&post=616"}],"version-history":[{"count":3,"href":"http:\/\/kpv.rs\/index.php?rest_route=\/wp\/v2\/posts\/616\/revisions"}],"predecessor-version":[{"id":718,"href":"http:\/\/kpv.rs\/index.php?rest_route=\/wp\/v2\/posts\/616\/revisions\/718"}],"wp:attachment":[{"href":"http:\/\/kpv.rs\/index.php?rest_route=%2Fwp%2Fv2%2Fmedia&parent=616"}],"wp:term":[{"taxonomy":"category","embeddable":true,"href":"http:\/\/kpv.rs\/index.php?rest_route=%2Fwp%2Fv2%2Fcategories&post=616"},{"taxonomy":"post_tag","embeddable":true,"href":"http:\/\/kpv.rs\/index.php?rest_route=%2Fwp%2Fv2%2Ftags&post=616"}],"curies":[{"name":"wp","href":"https:\/\/api.w.org\/{rel}","templated":true}]}}