{"id":656,"date":"2011-06-29T17:14:57","date_gmt":"2011-06-29T17:14:57","guid":{"rendered":"http:\/\/kpv.rs\/?p=656"},"modified":"2011-07-07T12:06:16","modified_gmt":"2011-07-07T12:06:16","slug":"globalno-podgrevanje-straha-ko-ce-biti-prvi-eko-milijarder","status":"publish","type":"post","link":"http:\/\/kpv.rs\/?p=656","title":{"rendered":"Globalno podgrevanje straha &#8211; Ko \u0107e biti prvi eko-milijarder?"},"content":{"rendered":"<p style=\"text-align: center;\"><em><strong>Klimatske promene \u2013 nova politi\u010dka mantra <\/strong><\/em><\/p>\n<p style=\"text-align: center;\"><a href=\"http:\/\/kpv.rs\/wp-content\/uploads\/2011\/06\/squeezing-money-from-the-earth-sm.jpg\"><img decoding=\"async\" loading=\"lazy\" class=\"aligncenter size-medium wp-image-657\" title=\"squeezing-money-from-the-earth-sm\" src=\"http:\/\/kpv.rs\/wp-content\/uploads\/2011\/06\/squeezing-money-from-the-earth-sm-300x287.jpg\" alt=\"\" width=\"300\" height=\"287\" srcset=\"http:\/\/kpv.rs\/wp-content\/uploads\/2011\/06\/squeezing-money-from-the-earth-sm-300x287.jpg 300w, http:\/\/kpv.rs\/wp-content\/uploads\/2011\/06\/squeezing-money-from-the-earth-sm.jpg 365w\" sizes=\"(max-width: 300px) 100vw, 300px\" \/><\/a><br \/>\n<em>Pi\u0161e: Branka Mraz<\/em><\/p>\n<p style=\"text-align: left;\">Globalno zagrevanja ve\u0107 odavno je hit tema. Zvani\u010dna politika mnogih razvijenih zemalja\u00a0 se pani\u010dno\u00a0 bavi spasavanjem planete. Paralelno sa tim sve jasnije se\u00a0 \u010duje\u00a0 glas ljudi iz dru\u0161tva i nauke\u00a0\u00a0 koji celu akciju posmatraju sa skepsom . Stoga i mi pokre\u0107emo seriju tekstova na ovu temu pre svega iz ugla koji se manje \u010duje.<\/p>\n<p style=\"text-align: left;\"><!--more-->Za to vreme ljudi upla\u0161eni\u00a0 da \u0107e izgubiti mesto za \u017eivot i\u00a0 sa ose\u0107ajem krivice,\u00a0 \u010dine sve \u0161to se tra\u017ei od njih.<br \/>\n\u201cEmision Zero\u201d, ime je nove religije koju u strahu od\u00a0 \u201cklimatske katastrofe\u201d, slede milioni ekolo\u0161ki svesnih. Bilo bi to pohvalno kada bi\u00a0 time zaista ne\u0161to i postigli.<br \/>\nVesti i mi\u0161ljenja oko \u201cKlimatske katastrofe\u201dse upadljivo razlikuju po tome da li ih izjavljuju politi\u010dari ili nau\u010dnici. Ve\u0107ina nau\u010dnika je vrlo oprezna u pripisivanju odgovornosti samo \u010doveku.<br \/>\nEtabliranom mi\u0161ljenju o \u010doveku kao \u201cubici klime\u201dprotivre\u010de slede\u0107e tvrdnje.<br \/>\n-Zemljina atmosvera sadr\u017ei samo 0,03% C02. Za efekat staklene ba\u0161te ugljen dioksid igra nebitnu ulogu.<br \/>\n-Samo zanemarljivo mali broj atmosverskog C02 je napravio je\u00a0 \u010dovek i njegova tehnika.<br \/>\nBiljke oslobo\u0111aju najve\u0107i procentualni deo C02<br \/>\n-Ustvari globalni rast temperature prouzrokuje\u00a0 pove\u0107anje C02 time \u0161to je na toploj klimi ja\u010da vegetacija<br \/>\n-U istoriji Zemlje bile su brojne mnogo ja\u010de klimatske promene, za koje su bili odgovorni razli\u010diti faktori, Sun\u010deve cikli\u010dne aktivnosti, vulkani&#8230;<br \/>\nDa se Mars istovremeno zagreva kao i na\u0161a planeta je sna\u017ean argument da je promena klime u prvoj liniji kosmi\u010dkog porekla.<\/p>\n<p><strong>Al Gor i\u00a0 statisti\u010dki trikovi<\/strong><\/p>\n<p>Malo se koji politi\u010dar anga\u017eovao tako strasno\u00a0 u za\u0161titi klime kao biv\u0161i potpredsednik SAD i nobelovac Al Gor.<br \/>\nDugogodi\u0161nji projekat meteorologa R. Revila\u00a0 u opservatoriji Mauna Loa na Havajima za merenje atmosverskog CO 2\u00a0 i statistike izvedene iz merenja poslu\u017eila su Al Goru kao centralna osnova za argumentaciju\u00a0 da je uzrok porasta emisije CO 2 ljudski faktor.<br \/>\nTako nastao je glavni\u00a0 moto ekolo\u0161kog sveta.<br \/>\nZa tu svrhu iskori\u0161\u0107ena je\u00a0 prava grafika, ali samo njen ise\u010dak . Od velike povr\u0161ine prikazan je samo jedan broj\u010dani opseg (320-380 ppm) i tako je sugerisan dramati\u010dan porast CO 2. Kada\u00a0 se 0 stavi na svoje pravo mesto, jasno je da je dramatika nepotrebna.<br \/>\nIz navedena dva dijagrama se vidi da je porast CO2 prividno veliki samo ako se posmatra mali ise\u010dak a ne razvoj tokom istorije, tako da situacija nije tako dramati\u010dna .<br \/>\nMichael Persinger, kanadski biofizi\u010dar:<br \/>\n\u201eDana\u0161nja briga oko funkcionalne povezanosti izme\u0111u globalnog otopljavanja i pove\u0107ane produkcije gasa bazira se na korelaciji. Korelacija ne zna\u010di obavezno i uzrok\u2026.Jedan dugotrajni lagani porast dinami\u010dkog pritiska Sun\u010devog vetra u velikom redu od 1 Nanopaskala kao posledica ekspanzije solarne magnetske korone mogao bi biti dovoljan da proizvede energiju koja vodi do porasta temperatura na povr\u0161ini Zemlje i Marsa.\u201c<\/p>\n<p style=\"text-align: left;\"><strong>Istra\u017eivanja o delovanju CO2 na ljudsku svest<\/strong><\/p>\n<p style=\"text-align: left;\">Jo\u0161 1960 u okviru projekta MK ULTRA ra\u0111ena su istra\u017eivanja o delovanju CO2 na ljudsku svest. Ispitivan je uticaj koncentracije CO2 u atmosferi Zemlje na ljusku svest i telo i dobijeni su za\u010du\u0111uju\u0107i rezultati.<br \/>\nIstovremeno su ra\u0111ena merenja atmosferskog CO2 u m\u00a0 eteorolo\u0161koj stanici Mauna Loa na Havajima, projekat meteorologa Rodgera Revella, \u010dije grafike je Al Gor rastegao.<br \/>\nPomenuta ispitivanja ra\u0111ena su na zatvorenicima i pacijentima jedne bolnice i pore\u0111ena sa kontrolnom grupom. Testirane osobe su bile izlo\u017eene pove\u0107anoj koncentraciji CO2. Nikom nije \u0161tetilo jer je ugljen dioksid ne\u0161kodljiv, tek vrlo visoke koncentracije su \u0161tetne. Kod trovanja dimom ili izduvnim gasovima odgovoran je CO \u2013ugljen monoksid.<br \/>\nTa studija ispitivala je delovanja na krvni pritisak i pH vrednost krvi. Rezultati su bili zaprepa\u0161\u0107uju\u0107i:<br \/>\n-pove\u0107ana sadr\u017eina CO2 u vazduhu vodila je do opadanja mi\u0161i\u0107nog tonusa, dakle opu\u0161tanja celog tela a da istovremeno i budna svest nije bila pomu\u0107ena.<br \/>\n&#8211; pacijentima sa migrenom, spazmom ili Parkinsonovom bole\u0161\u0107u je pove\u0107an ugljen dioksid doveo do do ubla\u017eavanja simptoma.<br \/>\n-krvni pritisak se stabilizovao, simptomi stresa su se povukli, strahovi su se osetno smanjili.<br \/>\nPove\u0107ana sadr\u017eina CO2 u vazduhu sni\u017eava pH vrednost i posledi\u010dno vodi do opu\u0161tanja mi\u0161i\u0107a. Kod hiperventilacije npr. sadr\u017eaj kiseonika u krvi raste dok ugljen dioksida opada- takozvana respiratorna alkaloza koja izaziva gr\u010deve, napetost, strah i paniku, poznato sredstvo je disati u plasti\u010dnu kesu, udisanjem sopstvenog CO2 se stanje normalizuje.<br \/>\n\u201e\u2026interesantna primena ovog istra\u017eivanja bi mogla biti u oblasti razvoja li\u010dnosti\u2026\u201c zaklju\u010dak je tajne slu\u017ebe koja je tih godina i naru\u010dila istra\u017eivanje (MK ULTRA-podprojekt 124, broj akta 0000017382 (CIA 2004), nau\u010dna pozadina na koju se CIA \u2013istra\u017eivanje poziva objavljena je u The Lancet 14.maj 1960.)<br \/>\nZahvaljuju\u0107i tim istra\u017eivanjima do\u0161lo se do zaklju\u010dka o kome niko ne govori: Svi mi mogli bi voditi bolji \u017eivot, sa manje straha, manje stresa ukoliko bi nam vi\u0161e ugljen dioksida bilo na raspolaganju. Sada\u0161nja ekolo\u0161ka politika vodi nas upravo u suprotnom smeru.<br \/>\nUgljen dioksid progla\u0161en je \u0161tetnim po zdravlje, obrazlo\u017eeno je globalnim zagrevanjem i efektom staklene ba\u0161te.<br \/>\n\u201eDok je udeo CO2 u sve\u017eem vazduhu samo 0,03%, krv i ljudske \u0107elije imaju CO2 parcijalni pritisak koji bi bio u ravnote\u017ei sa atmosferom od oko 5% CO2.\u201c Time su nau\u010dnici objasnili za\u0161to nam \u201ezli\u201c CO2 tako prija.<br \/>\nDakle patimo od hroni\u010dnog nedostatka ugljen dioksida u vazduhu, udi\u0161emo pogre\u0161an vazduh.<br \/>\nU me\u0111uvremenu skoro svako ponavlja jednu u globalnu mre\u017eu pu\u0161tenu informaciju\u201cAlarm 650 000\u201c, sadr\u017eaj CO2 u zadnjih 650 000 godina nije bio jo\u0161 tako visok kao danas.<br \/>\n\u201eSasvim slu\u010dajno\u201c ozna\u010dava taj magi\u010dni broj po\u010detak novog doba na\u0161e Zemlje, koji mi zovemo Ledeno doba.<br \/>\nMomentalno smo jo\u0161 u Ledenom dobu<br \/>\nU nau\u010dnom smislu ledeno doba traje sve dok su polarne kape zale\u0111ene, \u0161to je danas slu\u010daj. Ranije npr. pre 1 milion godina polovi su bili bez leda, fosili na Antarktku svedo\u010de da je bio zeleni kontinent.<br \/>\nNije ovo Ledeno doba prvo u istoriji zemlje, bolje re\u010deno Ledena doba su prava katastrofa. Uvek su povezana sa masovnim izumiranjem \u017eivotnih formi. Njihov kraj prelazio je u period toplije klime.<br \/>\nPrvi ljudi razvili su se pre oko 1-2 mil. god. u fazi toplije klime od dana\u0161nje. Sadr\u017eaj CO2 bio je oko 5%. Nikakvo \u010dudo da su na\u0161i preci razvili telesnu hemiju optimalno prilago\u0111enu spoljnim uslovima. Tu telesnu formulu nosimo i danas kao nasle\u0111e. Paleontolozi, koji posmatraju razvoj klime u velikim vremenskim periodima, uo\u010davaju me\u0111usobne veze i ne ozna\u010davaju promenu klime koja je u toku kao katastrofu, nasuprot: porast temperature za oko 5 stepeni gledaju kao optimom. Dovoljno toplo za bujnu vegetaciju a ne pretoplo. (Nature, 4.2.2009. \u201eScientist find world\u2019s biggest snake.\u201c)<br \/>\nNa duge staze gledano dobi\u0107emo nazad na\u0161ih 5%. Vezano za globalni porast temperature poja\u010dava se i \u0160umanova-frekvencija \u010dime \u010dovek istovremeno prelazi u budnije stanje svesti.<br \/>\n\u010covek koji \u017eivi opu\u0161tenije, sa manje stresa, slobodan od straha, istovremeno u budnijem stanju i povezan sa drugima, je daleko te\u017ei za manipulisanje i gospodarenje od dana\u0161njeg \u010doveka. Da li to nekome ne odgovara?<br \/>\nDana\u0161nja klimatska politika usmerava nas ka redukciji CO2 i istovremeno zadr\u017eava promenu. Veliki deo institucija i dru\u0161tva na\u017ealost podr\u017eava tu politiku.<br \/>\nDa je promena klime u toku, to je jasno, \u010dovek je to samo malim delom prouzrokovao \u0161to ne zna\u0107i da ne moramo da vodimo ra\u010duna o zaga\u0111enju okoline<br \/>\n(Matrix 3000, dec 2009. Mind-Control- Projekte,Der Geist hat keine Firewall Fosar\/Bludorf)<br \/>\nPrvi eko milijarder<br \/>\nNa Klimatskoj konferenciji u Kopenhagenu trebala je biti odr\u017eana promocija nove knjige Al Gora \u201eOur Choice\u201c. Multimedijalni \u0161ou otkazan je zbog velikog pritiska blogera medija \u201eF.A.Z.\u201c i nezavisnih medija koji su ukazivli na \u201eClimategate-Skandal\u201c<\/p>\n<p>Tekst pozivnice nudi posetiocima priliku da se rukuju sa US vicepredsednikom za vreme konferencije. Cene ulaza bile su razli\u010dite, ko je hteo vi\u0161e mogao je da poru\u010di VIP kartu. U to je spadalo rukovanje i fotografisanje sa Al Gorom, primerak knjige, pi\u0107e i sneks, za 5,999 DKK \u0161to je 800 E.<br \/>\nGa\u017ea ovog eko-stara iznosi 100.000$ za nastup od pola sata, plus dzet, luksuzni hotel i limuzine. Ali to su samo sitnce.<br \/>\nKroz svoje investicije u \u201ezelene\u201c firme i udeo u CO2 sertifikaciji , na putu je da postane prvi milijarder na CO2 prevari.Ukoliko vi\u0161e \u0161iri paniku, u toliko je bogatiji!<br \/>\nAli u me\u0111uvremenu se sve vi\u0161e ljudi bude i uvi\u0111aju igru iza klima propagande. Zvezda Al Gora koja je do skora bila visoko, je u naglom padu. \u010clanovi filmske akademije u Holivudu su se izjasnili da \u017eele da povuku Al Goru Oskara koji je dodeljen za dokumentarni film \u201cNeprijatna istina\u201c.<br \/>\n\u010cak je i nema\u010dki prvi TV program prikazao u jednoj emisiji koliko su trvdnje iz Al Gorovg filma neosnovane ili preuveli\u010dane: Eksperti upozoravaju na Al Gora\u2026<br \/>\n<a href=\"http:\/\/www.youtube.com\/watch?v=UPB6pZ-4kGo \">http:\/\/www.youtube.com\/watch?v=UPB6pZ-4kGo <\/a><br \/>\nili video clip na engleskom:<br \/>\n<a href=\"http:\/\/www.youtube.com\/watch?v=boj9ccV9htk \">http:\/\/www.youtube.com\/watch?v=boj9ccV9htk <\/a><\/p>\n<p style=\"text-align: left;\"><a href=\"www.klima-schwindel.de\">www.klima-schwindel.de<\/a><br \/>\nThe Great Global Warming Swindle \u2013film<\/p>\n\n<div class=\"jwsharethis\">\nPodelite \u010dlanak: \n<br \/>\n<a href=\"mailto:?subject=Globalno%20podgrevanje%20straha%20%26%238211%3B%20Ko%20%C4%87e%20biti%20prvi%20eko-milijarder%3F&amp;body=http%3A%2F%2Fkpv.rs%2F%3Fp%3D656\">\n<img src=\"http:\/\/kpv.rs\/wp-content\/plugins\/jw-share-this\/email.png\" alt=\"Podelite putem email-a\" \/>\n<\/a>\n<a target=\"_blank\" href=\"http:\/\/www.facebook.com\/sharer.php?u=http%3A%2F%2Fkpv.rs%2F%3Fp%3D656&amp;t=Globalno+podgrevanje+straha+%26%238211%3B+Ko+%C4%87e+biti+prvi+eko-milijarder%3F\">\n<img src=\"http:\/\/kpv.rs\/wp-content\/plugins\/jw-share-this\/fb.png\" alt=\"Podelite ovaj tekst na facebook-u\" \/>\n<\/a>\n<a target=\"_blank\" href=\"http:\/\/twitter.com\/intent\/tweet?text=I+like+http%3A%2F%2Fkpv.rs%2F%3Fp%3D656&amp;title=Globalno+podgrevanje+straha+%26%238211%3B+Ko+%C4%87e+biti+prvi+eko-milijarder%3F\">\n<img src=\"http:\/\/kpv.rs\/wp-content\/plugins\/jw-share-this\/twitter.png\" alt=\"Podelite putem Twitter-a\" \/>\n<\/a>\n<\/div>\n","protected":false},"excerpt":{"rendered":"<p>Klimatske promene \u2013 nova politi\u010dka mantra Pi\u0161e: Branka Mraz Globalno zagrevanja ve\u0107 odavno je hit tema. Zvani\u010dna politika mnogih razvijenih zemalja\u00a0 se pani\u010dno\u00a0 bavi spasavanjem planete. Paralelno sa tim sve jasnije se\u00a0 \u010duje\u00a0 glas ljudi iz dru\u0161tva i nauke\u00a0\u00a0 koji celu akciju posmatraju sa skepsom . Stoga i mi pokre\u0107emo seriju tekstova na ovu temu [&hellip;]<\/p>\n","protected":false},"author":53,"featured_media":0,"comment_status":"open","ping_status":"open","sticky":false,"template":"","format":"standard","meta":[],"categories":[43,6],"tags":[],"_links":{"self":[{"href":"http:\/\/kpv.rs\/index.php?rest_route=\/wp\/v2\/posts\/656"}],"collection":[{"href":"http:\/\/kpv.rs\/index.php?rest_route=\/wp\/v2\/posts"}],"about":[{"href":"http:\/\/kpv.rs\/index.php?rest_route=\/wp\/v2\/types\/post"}],"author":[{"embeddable":true,"href":"http:\/\/kpv.rs\/index.php?rest_route=\/wp\/v2\/users\/53"}],"replies":[{"embeddable":true,"href":"http:\/\/kpv.rs\/index.php?rest_route=%2Fwp%2Fv2%2Fcomments&post=656"}],"version-history":[{"count":4,"href":"http:\/\/kpv.rs\/index.php?rest_route=\/wp\/v2\/posts\/656\/revisions"}],"predecessor-version":[{"id":675,"href":"http:\/\/kpv.rs\/index.php?rest_route=\/wp\/v2\/posts\/656\/revisions\/675"}],"wp:attachment":[{"href":"http:\/\/kpv.rs\/index.php?rest_route=%2Fwp%2Fv2%2Fmedia&parent=656"}],"wp:term":[{"taxonomy":"category","embeddable":true,"href":"http:\/\/kpv.rs\/index.php?rest_route=%2Fwp%2Fv2%2Fcategories&post=656"},{"taxonomy":"post_tag","embeddable":true,"href":"http:\/\/kpv.rs\/index.php?rest_route=%2Fwp%2Fv2%2Ftags&post=656"}],"curies":[{"name":"wp","href":"https:\/\/api.w.org\/{rel}","templated":true}]}}