{"id":676,"date":"2011-06-30T16:01:31","date_gmt":"2011-06-30T16:01:31","guid":{"rendered":"http:\/\/kpv.rs\/?p=676"},"modified":"2011-11-22T23:12:03","modified_gmt":"2011-11-22T23:12:03","slug":"promocija-knjige-mise-vasica-%e2%80%9eglobalno-drustvo-i-evolucija-svesti%e2%80%9c","status":"publish","type":"post","link":"http:\/\/kpv.rs\/?p=676","title":{"rendered":"Promocija knjige Mi\u0161e Vasi\u0107a \u201eGlobalno dru\u0161tvo i evolucija svesti\u201c"},"content":{"rendered":"<p><strong><a href=\"http:\/\/kpv.rs\/wp-content\/uploads\/2011\/06\/Misa-KNJIGA.jpg\"><img decoding=\"async\" loading=\"lazy\" class=\"alignleft size-full wp-image-677\" title=\"Misa KNJIGA\" src=\"http:\/\/kpv.rs\/wp-content\/uploads\/2011\/06\/Misa-KNJIGA.jpg\" alt=\"\" width=\"167\" height=\"195\" \/><\/a><em>&#8230;On je izrazio globalnu potrebu za \u0161to ve\u0107im brojem osve\u0161\u0107enih pojedinaca, \u010dije ideje i energija, zahvaljuju\u0107i planetarnom ujedinjenju putem savremenih komunikacionih tehnologija, mogu od na\u0161eg sveta napraviti bolje mesto za \u017eivot&#8230;<\/em><\/strong><\/p>\n<p>24. juna u prostorijama u ul. Kneza Milo\u0161a br. 51 ord\u017eana je promocija knjige Mi\u0161e Vasi\u0107a \u201eGlobalno dru\u0161tvo i evolucija svesti\u201c.\u00a0 Knjiga predstavlja prera\u0111enu i pro\u0161irenu zbirku nau\u010dno-filozofskih tekstova koje je autor prethodno objavjlivao u \u010dasopisu \u201eKroz prostor-vreme\u201c tokom 2010. i 2011. godine.<\/p>\n<p>&nbsp;<\/p>\n<p>&nbsp;<\/p>\n<p><!--more--><\/p>\n<p>Prostor je bio pretesan za sve koji su do\u0161li da li\u010dno upoznaju autora i \u010duju renomirane govornike koji su iz svog ugla ponudili vi\u0111enje Vasi\u0107evog diskursa primenjene filozofije.<\/p>\n<p>dr Velimir Abramovi\u0107, filozof, osvrnuo se na sada\u0161nji svetski trenutak, u kome je zaboravljena sumersko-pitagorejska osnova nauke, \u0161to dovodi do odvajanja nauke od prirode i njenih zakona. On je istakao da je Vasi\u0107eva knjiga zna\u010dajan pomak u autenti\u010dnoj koncepciji ujedinjenja sveta baziranoj na nau\u010dnoj religioznosti.<\/p>\n<p>mr Tijana Fi\u0161i\u0107, profesorka i slikarka, \u010dije su slike svojom spiritualnom harmonijom zna\u010dajno obogatile knjigu, napravila je paralele izme\u0111u verbalnih i vizuelnih na\u010dina saznanja i i ekspresije, te istakla Vasi\u0107ev doprinos otkrivanju sveobuhvatih istina kroz literarni na\u010din izra\u017eavanja koji je manje pijem\u010div i univerzalan od likovnog.<\/p>\n<p><a href=\"http:\/\/kpv.rs\/wp-content\/uploads\/2011\/06\/Misa-prezentacija.jpg\"><img decoding=\"async\" loading=\"lazy\" class=\"alignleft size-full wp-image-678\" title=\"Misa prezentacija\" src=\"http:\/\/kpv.rs\/wp-content\/uploads\/2011\/06\/Misa-prezentacija.jpg\" alt=\"\" width=\"379\" height=\"226\" srcset=\"http:\/\/kpv.rs\/wp-content\/uploads\/2011\/06\/Misa-prezentacija.jpg 379w, http:\/\/kpv.rs\/wp-content\/uploads\/2011\/06\/Misa-prezentacija-300x178.jpg 300w\" sizes=\"(max-width: 379px) 100vw, 379px\" \/><\/a>Milovan Stankovi\u0107, pisac, osvrnuo se na Vasi\u0107ev nadahnuti,\u00a0 hrabri i beskompromisni pristup duhovnim temama, koji se ne vezuje ni za jednu religiju, ve\u0107 na univerzalne arhetipove. Stankovi\u0107 je sna\u017eno podcrtao Vasi\u0107eve uvide vezane za duhovnu osnovu materijalnog sveta. On je istakao i hrabro i korisno uvo\u0111enje nove terminologije koja obja\u0161njava pojmove do sada slabo definisane, pogotovo u na\u0161oj kulturi, te pohvalio zrelost i kompaknost autora u smislu jezika i stila.<\/p>\n<p>Mi\u0161a Vasi\u0107, autor, istakao je osnovnu ideju svog rada, a to je potreba za prevazila\u0111enjem dotrajalih kulturno-nau\u010dno-spiritualnih modela. On je izrazio globalnu potrebu za \u0161to ve\u0107im brojem osve\u0161\u0107enih pojedinaca, \u010dije ideje i energija, zahvaljuju\u0107i planetarnom ujedinjenju putem savremenih komunikacionih tehnologija, mogu od na\u0161eg sveta napraviti bolje mesto za \u017eivot.<\/p>\n<p>Branka Mraz, iz \u010dasopisa KPV, nadahnuto je \u010ditala odabrane delove iz knjige, te davala svoje inspirativne komentare i impresije.<\/p>\n<p>Ukoliko ste zainteresovani za ovo izuzetno osobeno delo, mo\u017eete ga naru\u010diti kod autora<\/p>\n<p>na telefon 064 1731806<\/p>\n<p><strong>Redakcija KPV poziva i ostale zainteresovane da slede primer in\u017e. Mi\u0161e Vasi\u0107a<\/strong><\/p>\n<p>&nbsp;<\/p>\n<p>&nbsp;<\/p>\n\n<div class=\"jwsharethis\">\nPodelite \u010dlanak: \n<br \/>\n<a href=\"mailto:?subject=Promocija%20knjige%20Mi%C5%A1e%20Vasi%C4%87a%20%E2%80%9EGlobalno%20dru%C5%A1tvo%20i%20evolucija%20svesti%E2%80%9C&amp;body=http%3A%2F%2Fkpv.rs%2F%3Fp%3D676\">\n<img src=\"http:\/\/kpv.rs\/wp-content\/plugins\/jw-share-this\/email.png\" alt=\"Podelite putem email-a\" \/>\n<\/a>\n<a target=\"_blank\" href=\"http:\/\/www.facebook.com\/sharer.php?u=http%3A%2F%2Fkpv.rs%2F%3Fp%3D676&amp;t=Promocija+knjige+Mi%C5%A1e+Vasi%C4%87a+%E2%80%9EGlobalno+dru%C5%A1tvo+i+evolucija+svesti%E2%80%9C\">\n<img src=\"http:\/\/kpv.rs\/wp-content\/plugins\/jw-share-this\/fb.png\" alt=\"Podelite ovaj tekst na facebook-u\" \/>\n<\/a>\n<a target=\"_blank\" href=\"http:\/\/twitter.com\/intent\/tweet?text=I+like+http%3A%2F%2Fkpv.rs%2F%3Fp%3D676&amp;title=Promocija+knjige+Mi%C5%A1e+Vasi%C4%87a+%E2%80%9EGlobalno+dru%C5%A1tvo+i+evolucija+svesti%E2%80%9C\">\n<img src=\"http:\/\/kpv.rs\/wp-content\/plugins\/jw-share-this\/twitter.png\" alt=\"Podelite putem Twitter-a\" \/>\n<\/a>\n<\/div>\n","protected":false},"excerpt":{"rendered":"<p>&#8230;On je izrazio globalnu potrebu za \u0161to ve\u0107im brojem osve\u0161\u0107enih pojedinaca, \u010dije ideje i energija, zahvaljuju\u0107i planetarnom ujedinjenju putem savremenih komunikacionih tehnologija, mogu od na\u0161eg sveta napraviti bolje mesto za \u017eivot&#8230; 24. juna u prostorijama u ul. Kneza Milo\u0161a br. 51 ord\u017eana je promocija knjige Mi\u0161e Vasi\u0107a \u201eGlobalno dru\u0161tvo i evolucija svesti\u201c.\u00a0 Knjiga predstavlja prera\u0111enu [&hellip;]<\/p>\n","protected":false},"author":53,"featured_media":0,"comment_status":"open","ping_status":"open","sticky":false,"template":"","format":"standard","meta":[],"categories":[31],"tags":[],"_links":{"self":[{"href":"http:\/\/kpv.rs\/index.php?rest_route=\/wp\/v2\/posts\/676"}],"collection":[{"href":"http:\/\/kpv.rs\/index.php?rest_route=\/wp\/v2\/posts"}],"about":[{"href":"http:\/\/kpv.rs\/index.php?rest_route=\/wp\/v2\/types\/post"}],"author":[{"embeddable":true,"href":"http:\/\/kpv.rs\/index.php?rest_route=\/wp\/v2\/users\/53"}],"replies":[{"embeddable":true,"href":"http:\/\/kpv.rs\/index.php?rest_route=%2Fwp%2Fv2%2Fcomments&post=676"}],"version-history":[{"count":5,"href":"http:\/\/kpv.rs\/index.php?rest_route=\/wp\/v2\/posts\/676\/revisions"}],"predecessor-version":[{"id":680,"href":"http:\/\/kpv.rs\/index.php?rest_route=\/wp\/v2\/posts\/676\/revisions\/680"}],"wp:attachment":[{"href":"http:\/\/kpv.rs\/index.php?rest_route=%2Fwp%2Fv2%2Fmedia&parent=676"}],"wp:term":[{"taxonomy":"category","embeddable":true,"href":"http:\/\/kpv.rs\/index.php?rest_route=%2Fwp%2Fv2%2Fcategories&post=676"},{"taxonomy":"post_tag","embeddable":true,"href":"http:\/\/kpv.rs\/index.php?rest_route=%2Fwp%2Fv2%2Ftags&post=676"}],"curies":[{"name":"wp","href":"https:\/\/api.w.org\/{rel}","templated":true}]}}