{"id":726,"date":"2011-07-05T14:32:24","date_gmt":"2011-07-05T14:32:24","guid":{"rendered":"http:\/\/kpv.rs\/?p=726"},"modified":"2011-07-07T09:44:27","modified_gmt":"2011-07-07T09:44:27","slug":"majanski-kalendar-se-ne-zavrsava-2012","status":"publish","type":"post","link":"http:\/\/kpv.rs\/?p=726","title":{"rendered":"Majanski kalendar se ne zavr\u0161ava 2012"},"content":{"rendered":"<p><img decoding=\"async\" loading=\"lazy\" class=\"alignnone\" src=\"http:\/\/www.buycontacthasbegun.com\/images\/MayanCalendar290.jpg\" alt=\"\" width=\"299\" height=\"299\" \/><\/p>\n<p>Decembra 21. 2012. dogodi\u0107e se ekstremno bliska konjunkcija zimskog solisticija Sunca sa sredi\u0161njom ta\u010dkom galakti\u010dkog ekvatora (ekvator Mle\u010dnog puta) i eklipti\u010dkom putanjom (putanja Sunca), \u0161to je formacija kojoj su drevne Maje dale ime \u00abSveto drvo\u00bb. Dolazak u ovakvu rezonancu se odvijao vrlo sporo tokom hiljade godina. Trenutak apsolutnog preklapanja je11:11 po Grini\u010du.<br \/>\n<!--more-->Colkin je kalendar od 260 dana zasnovan na fazama razvoja ljudskog roda. Sa\u010dinjen je od 13 promena, meseci, sa po 20 dana Svaki mesec nosi odre\u0111en znak i posebne osobine i koristi se i za tuma\u010denje natalne karte, kao i u zapadnoj astrologiji. Maje su koristile i kalendar sa 365 dana. Zvali su ga Haab, ili Venerin kalendar.\u00a0 Radi jasnije slike o protoku vremena stvorili su sistem tzv. \u00abdugog ra\u010dunanja vremena\u00bb u kome se godina sa 360 dana (jedna \u00abTun\u00bb) sastoji od 18 meseci (\u00abUinala\u00bb) koji traju po 20 dana.\u00a0 Dvadeset Tuna \u010dine Katun; 20 Katuna je Baktun (skoro 400. godina); najzad, 13 Baktuna predstavlja \u00abVeliki ciklus\u00bb sa 1.872.000 dana ( 5200 Tuna, ili 5125 godina).<br \/>\nMajanski istra\u017eiva\u010di su od po\u010detka pro\u0161log veka veka poku\u0161avali da prilagode sistem Dugog ra\u010dunanja vremena na\u0161em, gregorijanskom kalendaru.\u00a0 Pojavile su se, me\u0111utim, ozbiljne razlike. Ipak, 1950. godine do\u0161lo je do ujedna\u010davanja dva kalendara, pa se od tada kao po\u010detak Velikog ciklusa (dan 0.0.0.0.0) ra\u010duna datum 11. avgust 3.114 p.n.e, a kraj ciklusa (poznat kao 13.0.0.0.0.) bio bi 21. decembar 2.012.<br \/>\nHoze Argueles, ekspert za majanski kalendar, smatra da je Colkin harmonijska matrica Velikog ciklusa i da se mo\u017ee koristiti kao mapa istorije svih \u017eivih vrsta na planeti koje su do sada pro\u0161le kroz pet Velikih ciklusa, odnosno 26.000 Tuna.<br \/>\nNa osnovu ovakvog posmatranja kalendara astronomi zaklju\u010duju da se majanski kalendar zaista ne zavr\u0161ava 2.012. godine, ve\u0107 se njime zavr\u0161ava peti ciklus razvoja i zapo\u010dinje novi, \u0161esti ciklus.<br \/>\nAdrijan Gilbert i Moris Koterel, autori knjige \u00abMajanska proro\u010danstva\u00bb (\u00abMayan Prophecies\u00bb), tako\u0111e podse\u0107aju da Veliki ciklus predstavlja kulminaciju serije dugoro\u010dnih solarnih ciklusa, koja \u0107e dovesti do promene polo\u017eaja magnetnih polova Sunca, a time \u0107e se pomeriti i solarno magnetno polje koje najzna\u010dajnije uti\u010de na \u017eivot na Zemlji. Da li \u0107e to izazvati zemljotrese, poplave, erupcije vulkana ili promene u proizvodnji endokrina u pinealnoj \u017elezdi? Taj ciklus je zapo\u010deo dosta pasivno, sa vrlo malim brojem erupcija sun\u010devih pega i mada se vrh ciklusa poklapa sa krajem Velikog ciklusa za sada ne nagove\u0161tava neke kataklizmi\u010dne doga\u0111aje. Treba napomenuti da 2.012. ne dolazi kao neki usamljen i iznenadni doga\u0111aj. \u00abEra 2.012\u00bb ili zona prolaska kroz galakti\u010dki ekvator zapo\u010dela je jo\u0161 1998. godine i traja\u0107e do 2.016. godine.<br \/>\nDecembra 21. 2.012. Ravan na\u0161eg, solarnog sistema, pro\u0107i \u0107e kroz sam centar Galaksije.<\/p>\n\n<div class=\"jwsharethis\">\nPodelite \u010dlanak: \n<br \/>\n<a href=\"mailto:?subject=Majanski%20kalendar%20se%20ne%20zavr%C5%A1ava%202012&amp;body=http%3A%2F%2Fkpv.rs%2F%3Fp%3D726\">\n<img src=\"http:\/\/kpv.rs\/wp-content\/plugins\/jw-share-this\/email.png\" alt=\"Podelite putem email-a\" \/>\n<\/a>\n<a target=\"_blank\" href=\"http:\/\/www.facebook.com\/sharer.php?u=http%3A%2F%2Fkpv.rs%2F%3Fp%3D726&amp;t=Majanski+kalendar+se+ne+zavr%C5%A1ava+2012\">\n<img src=\"http:\/\/kpv.rs\/wp-content\/plugins\/jw-share-this\/fb.png\" alt=\"Podelite ovaj tekst na facebook-u\" \/>\n<\/a>\n<a target=\"_blank\" href=\"http:\/\/twitter.com\/intent\/tweet?text=I+like+http%3A%2F%2Fkpv.rs%2F%3Fp%3D726&amp;title=Majanski+kalendar+se+ne+zavr%C5%A1ava+2012\">\n<img src=\"http:\/\/kpv.rs\/wp-content\/plugins\/jw-share-this\/twitter.png\" alt=\"Podelite putem Twitter-a\" \/>\n<\/a>\n<\/div>\n","protected":false},"excerpt":{"rendered":"<p>Decembra 21. 2012. dogodi\u0107e se ekstremno bliska konjunkcija zimskog solisticija Sunca sa sredi\u0161njom ta\u010dkom galakti\u010dkog ekvatora (ekvator Mle\u010dnog puta) i eklipti\u010dkom putanjom (putanja Sunca), \u0161to je formacija kojoj su drevne Maje dale ime \u00abSveto drvo\u00bb. Dolazak u ovakvu rezonancu se odvijao vrlo sporo tokom hiljade godina. Trenutak apsolutnog preklapanja je11:11 po Grini\u010du. Podelite \u010dlanak:<\/p>\n","protected":false},"author":53,"featured_media":0,"comment_status":"open","ping_status":"open","sticky":false,"template":"","format":"standard","meta":[],"categories":[46],"tags":[],"_links":{"self":[{"href":"http:\/\/kpv.rs\/index.php?rest_route=\/wp\/v2\/posts\/726"}],"collection":[{"href":"http:\/\/kpv.rs\/index.php?rest_route=\/wp\/v2\/posts"}],"about":[{"href":"http:\/\/kpv.rs\/index.php?rest_route=\/wp\/v2\/types\/post"}],"author":[{"embeddable":true,"href":"http:\/\/kpv.rs\/index.php?rest_route=\/wp\/v2\/users\/53"}],"replies":[{"embeddable":true,"href":"http:\/\/kpv.rs\/index.php?rest_route=%2Fwp%2Fv2%2Fcomments&post=726"}],"version-history":[{"count":2,"href":"http:\/\/kpv.rs\/index.php?rest_route=\/wp\/v2\/posts\/726\/revisions"}],"predecessor-version":[{"id":877,"href":"http:\/\/kpv.rs\/index.php?rest_route=\/wp\/v2\/posts\/726\/revisions\/877"}],"wp:attachment":[{"href":"http:\/\/kpv.rs\/index.php?rest_route=%2Fwp%2Fv2%2Fmedia&parent=726"}],"wp:term":[{"taxonomy":"category","embeddable":true,"href":"http:\/\/kpv.rs\/index.php?rest_route=%2Fwp%2Fv2%2Fcategories&post=726"},{"taxonomy":"post_tag","embeddable":true,"href":"http:\/\/kpv.rs\/index.php?rest_route=%2Fwp%2Fv2%2Ftags&post=726"}],"curies":[{"name":"wp","href":"https:\/\/api.w.org\/{rel}","templated":true}]}}