{"id":731,"date":"2011-07-05T14:44:35","date_gmt":"2011-07-05T14:44:35","guid":{"rendered":"http:\/\/kpv.rs\/?p=731"},"modified":"2011-07-07T09:44:37","modified_gmt":"2011-07-07T09:44:37","slug":"preosetljiva-na-vodu","status":"publish","type":"post","link":"http:\/\/kpv.rs\/?p=731","title":{"rendered":"Preosetljiva na vodu"},"content":{"rendered":"<p>Mlada je Britanka nedugo nakon poroda iskusila muke alergije kakvu je te\u0161ko i zamisliti \u2013 preosetljiva je na vodu! Ve\u0107 jedna kapljica na njenoj ko\u017ei stvara opekotine kao od vru\u0107eg ulja, zbog \u010dega se tu\u0161ira jednom sedmi\u010dno.<br \/>\nGotovo sve te\u010dnosti, od fiziolo\u0161kih do svakodnevnih napitaka, predstavljaju veliku muku za 21-godi\u0161nju Majkelu Daton.<br \/>\nNakon \u0161to je 2005. rodila sina, otkriveno joj je stanje poznato kao preosetljivost na vodu (akvagenska urtikraija)! U bilo kakvom dodiru s te\u010dnos\u0161\u0107u dobije osip, pa i plikove, zbog \u010dega sme da se tu\u0161ira, u proseku, deset sekundi, a napitke poput \u010daja, kafe pa i sokova mora izbegavati ako ne \u017eeli bolne \u010direve u grlu.<br \/>\nZa\u010dudo, jedino \u0161to podnosi jeste dijetalna \u201ekoka kola\u201d. \u017divot u gr\u010du nastavlja se kroz strah od ki\u0161nih kapi, \u010dak i znoja i suza vlastitog deteta koji joj mogu izazvati osip i svrab. \u201eBol je nepodno\u0161ljiv, pro\u017eet vru\u0107inom \u2013 po\u017eelim da obrijam glavu samo da bih se rashladila\u201d, nesre\u0107na mlada \u017eena kojoj su lekari saop\u0161tili da je takvom stanju doprinela neravnote\u017ea hormona posle poro\u0111aja.<br \/>\nU svijetu je do sada zabile\u017eeno od 30 do 40 ovakvih slu\u010dajeva otkada je stanje prvi put opisano 1964. godine. \u0160ta ga uzrokuje, jo\u0161 nije poznato. Veruje se da osip izaziva navala hemikalije histamin u dodiru ko\u017ee sa alergenom.<\/p>\n\n<div class=\"jwsharethis\">\nPodelite \u010dlanak: \n<br \/>\n<a href=\"mailto:?subject=Preosetljiva%20na%20vodu&amp;body=http%3A%2F%2Fkpv.rs%2F%3Fp%3D731\">\n<img src=\"http:\/\/kpv.rs\/wp-content\/plugins\/jw-share-this\/email.png\" alt=\"Podelite putem email-a\" \/>\n<\/a>\n<a target=\"_blank\" href=\"http:\/\/www.facebook.com\/sharer.php?u=http%3A%2F%2Fkpv.rs%2F%3Fp%3D731&amp;t=Preosetljiva+na+vodu\">\n<img src=\"http:\/\/kpv.rs\/wp-content\/plugins\/jw-share-this\/fb.png\" alt=\"Podelite ovaj tekst na facebook-u\" \/>\n<\/a>\n<a target=\"_blank\" href=\"http:\/\/twitter.com\/intent\/tweet?text=I+like+http%3A%2F%2Fkpv.rs%2F%3Fp%3D731&amp;title=Preosetljiva+na+vodu\">\n<img src=\"http:\/\/kpv.rs\/wp-content\/plugins\/jw-share-this\/twitter.png\" alt=\"Podelite putem Twitter-a\" \/>\n<\/a>\n<\/div>\n","protected":false},"excerpt":{"rendered":"<p>Mlada je Britanka nedugo nakon poroda iskusila muke alergije kakvu je te\u0161ko i zamisliti \u2013 preosetljiva je na vodu! Ve\u0107 jedna kapljica na njenoj ko\u017ei stvara opekotine kao od vru\u0107eg ulja, zbog \u010dega se tu\u0161ira jednom sedmi\u010dno. Gotovo sve te\u010dnosti, od fiziolo\u0161kih do svakodnevnih napitaka, predstavljaju veliku muku za 21-godi\u0161nju Majkelu Daton. Nakon \u0161to je [&hellip;]<\/p>\n","protected":false},"author":53,"featured_media":0,"comment_status":"open","ping_status":"open","sticky":false,"template":"","format":"standard","meta":[],"categories":[34],"tags":[],"_links":{"self":[{"href":"http:\/\/kpv.rs\/index.php?rest_route=\/wp\/v2\/posts\/731"}],"collection":[{"href":"http:\/\/kpv.rs\/index.php?rest_route=\/wp\/v2\/posts"}],"about":[{"href":"http:\/\/kpv.rs\/index.php?rest_route=\/wp\/v2\/types\/post"}],"author":[{"embeddable":true,"href":"http:\/\/kpv.rs\/index.php?rest_route=\/wp\/v2\/users\/53"}],"replies":[{"embeddable":true,"href":"http:\/\/kpv.rs\/index.php?rest_route=%2Fwp%2Fv2%2Fcomments&post=731"}],"version-history":[{"count":2,"href":"http:\/\/kpv.rs\/index.php?rest_route=\/wp\/v2\/posts\/731\/revisions"}],"predecessor-version":[{"id":879,"href":"http:\/\/kpv.rs\/index.php?rest_route=\/wp\/v2\/posts\/731\/revisions\/879"}],"wp:attachment":[{"href":"http:\/\/kpv.rs\/index.php?rest_route=%2Fwp%2Fv2%2Fmedia&parent=731"}],"wp:term":[{"taxonomy":"category","embeddable":true,"href":"http:\/\/kpv.rs\/index.php?rest_route=%2Fwp%2Fv2%2Fcategories&post=731"},{"taxonomy":"post_tag","embeddable":true,"href":"http:\/\/kpv.rs\/index.php?rest_route=%2Fwp%2Fv2%2Ftags&post=731"}],"curies":[{"name":"wp","href":"https:\/\/api.w.org\/{rel}","templated":true}]}}