{"id":768,"date":"2011-07-06T09:08:42","date_gmt":"2011-07-06T09:08:42","guid":{"rendered":"http:\/\/kpv.rs\/?p=768"},"modified":"2011-07-07T09:45:23","modified_gmt":"2011-07-07T09:45:23","slug":"riba-vampir-nova-vrsta","status":"publish","type":"post","link":"http:\/\/kpv.rs\/?p=768","title":{"rendered":"Riba-vampir nova vrsta"},"content":{"rendered":"<p style=\"text-align: left;\"><a href=\"http:\/\/kpv.rs\/wp-content\/uploads\/2011\/07\/vampir.png\"><img decoding=\"async\" loading=\"lazy\" class=\"size-medium wp-image-770\" title=\"vampir\" src=\"http:\/\/kpv.rs\/wp-content\/uploads\/2011\/07\/vampir-300x192.png\" alt=\"\" width=\"210\" height=\"134\" srcset=\"http:\/\/kpv.rs\/wp-content\/uploads\/2011\/07\/vampir-300x192.png 300w, http:\/\/kpv.rs\/wp-content\/uploads\/2011\/07\/vampir.png 600w\" sizes=\"(max-width: 210px) 100vw, 210px\" \/><\/a><\/p>\n<p style=\"text-align: left;\">Nakon \u0161to je gotovo pre dve godine prona\u0111ena na severu Burme, Danionella dracula je svojim izgledom privukla mnoge zoologe, a nedavno je progla\u0161ena novom ribljom vrstom. Malena riba s vampirskim zubima otkrivena je u jednom potoku.<\/p>\n<p><!--more-->Duga\u010dka je svega 17 milimetara, deo je reda Cypriniforma i pripada grupi riba nalik \u0161aranu. Prvi put je uo\u010dena u aprilu 2007. godine, ali je tek je nedavno progla\u0161ena novom vrstom. Zoolog Ralf Bric, iz Prirodnja\u010dkog muzeja u Londonu (Engleska), smatra ovo prozirno vodeno bi\u0107e, uistinu, neobi\u010dnim. To je jedanod najneobi\u010dnijih ki\u010dmenjaka na\u0111enih kralje\u017eaka u minulih nekoliko decenija!<\/p>\n<p>Nijedna druga vrsta, od 3.700 u grupi Cypriniform, nema zube u \u010deljusti, jer su ih izgubili pre 50 miliona godina, u periodu kasnog eocena. Doti\u010dna je tokom evolucije razvila vampirske koji rastu iz \u010deljusne kosti. Iako je veoma malena, nije najmanja riba na svetu. Ta titula pripada Paedocypris progenetici, ribici iz grupe Cypriniforma, koja je duga\u010dka svega 7,9 milimetara.<\/p>\n\n<div class=\"jwsharethis\">\nPodelite \u010dlanak: \n<br \/>\n<a href=\"mailto:?subject=Riba-vampir%20nova%20vrsta&amp;body=http%3A%2F%2Fkpv.rs%2F%3Fp%3D768\">\n<img src=\"http:\/\/kpv.rs\/wp-content\/plugins\/jw-share-this\/email.png\" alt=\"Podelite putem email-a\" \/>\n<\/a>\n<a target=\"_blank\" href=\"http:\/\/www.facebook.com\/sharer.php?u=http%3A%2F%2Fkpv.rs%2F%3Fp%3D768&amp;t=Riba-vampir+nova+vrsta\">\n<img src=\"http:\/\/kpv.rs\/wp-content\/plugins\/jw-share-this\/fb.png\" alt=\"Podelite ovaj tekst na facebook-u\" \/>\n<\/a>\n<a target=\"_blank\" href=\"http:\/\/twitter.com\/intent\/tweet?text=I+like+http%3A%2F%2Fkpv.rs%2F%3Fp%3D768&amp;title=Riba-vampir+nova+vrsta\">\n<img src=\"http:\/\/kpv.rs\/wp-content\/plugins\/jw-share-this\/twitter.png\" alt=\"Podelite putem Twitter-a\" \/>\n<\/a>\n<\/div>\n","protected":false},"excerpt":{"rendered":"<p>Nakon \u0161to je gotovo pre dve godine prona\u0111ena na severu Burme, Danionella dracula je svojim izgledom privukla mnoge zoologe, a nedavno je progla\u0161ena novom ribljom vrstom. Malena riba s vampirskim zubima otkrivena je u jednom potoku. Podelite \u010dlanak:<\/p>\n","protected":false},"author":53,"featured_media":0,"comment_status":"open","ping_status":"open","sticky":false,"template":"","format":"standard","meta":[],"categories":[3],"tags":[],"_links":{"self":[{"href":"http:\/\/kpv.rs\/index.php?rest_route=\/wp\/v2\/posts\/768"}],"collection":[{"href":"http:\/\/kpv.rs\/index.php?rest_route=\/wp\/v2\/posts"}],"about":[{"href":"http:\/\/kpv.rs\/index.php?rest_route=\/wp\/v2\/types\/post"}],"author":[{"embeddable":true,"href":"http:\/\/kpv.rs\/index.php?rest_route=\/wp\/v2\/users\/53"}],"replies":[{"embeddable":true,"href":"http:\/\/kpv.rs\/index.php?rest_route=%2Fwp%2Fv2%2Fcomments&post=768"}],"version-history":[{"count":3,"href":"http:\/\/kpv.rs\/index.php?rest_route=\/wp\/v2\/posts\/768\/revisions"}],"predecessor-version":[{"id":889,"href":"http:\/\/kpv.rs\/index.php?rest_route=\/wp\/v2\/posts\/768\/revisions\/889"}],"wp:attachment":[{"href":"http:\/\/kpv.rs\/index.php?rest_route=%2Fwp%2Fv2%2Fmedia&parent=768"}],"wp:term":[{"taxonomy":"category","embeddable":true,"href":"http:\/\/kpv.rs\/index.php?rest_route=%2Fwp%2Fv2%2Fcategories&post=768"},{"taxonomy":"post_tag","embeddable":true,"href":"http:\/\/kpv.rs\/index.php?rest_route=%2Fwp%2Fv2%2Ftags&post=768"}],"curies":[{"name":"wp","href":"https:\/\/api.w.org\/{rel}","templated":true}]}}