{"id":775,"date":"2011-07-06T09:12:55","date_gmt":"2011-07-06T09:12:55","guid":{"rendered":"http:\/\/kpv.rs\/?p=775"},"modified":"2011-07-07T09:45:35","modified_gmt":"2011-07-07T09:45:35","slug":"ko-se-prvi-rodio-mama-ili-tata","status":"publish","type":"post","link":"http:\/\/kpv.rs\/?p=775","title":{"rendered":"Ko se prvi rodio: mama ili tata?"},"content":{"rendered":"<p><a href=\"http:\/\/kpv.rs\/wp-content\/uploads\/2011\/07\/focushead.jpg\"><img decoding=\"async\" loading=\"lazy\" class=\"size-medium wp-image-776 alignleft\" title=\"focushead\" src=\"http:\/\/kpv.rs\/wp-content\/uploads\/2011\/07\/focushead-300x150.jpg\" alt=\"\" width=\"300\" height=\"150\" srcset=\"http:\/\/kpv.rs\/wp-content\/uploads\/2011\/07\/focushead-300x150.jpg 300w, http:\/\/kpv.rs\/wp-content\/uploads\/2011\/07\/focushead.jpg 600w\" sizes=\"(max-width: 300px) 100vw, 300px\" \/><\/a><\/p>\n<p>&nbsp;<\/p>\n<p>&nbsp;<\/p>\n<p>&nbsp;<\/p>\n<p>&nbsp;<\/p>\n<p>&nbsp;<\/p>\n<p>Svi su ljudi stvoreni isti \u2013 ali ne u isto vreme (i ne sasvim isti). Profesor Fran\u010desko Zakanti, sa Univerziteta u Bolonji, prvi se usudio da tvrdi da ima razloga da se veruje da su prvi humanoidni stanovnici Zemlje bile \u2013<br \/>\n\u017eene.<!--more-->Me\u0111u na\u0161im precima nisu postojale seksualne razlike. Tako je i genetska informacija u \u0107elijama mu\u0161karaca i \u017eene potpuno identi\u010dna, osim \u0161to su jajne \u0107elije \u017eene posebno predisponirane za stvaranje embriona. Ta \u010dinjenica je, mo\u017eda, dovela, a uz pomo\u0107 nekog arhai\u010dnog oblika reprodukcije, da \u017eena sama razmno\u017eava \u0107elije potomstva \u2013 i to samo \u017eenskog.<br \/>\nMu\u0161karci, u tom slu\u010daju nisu bili potrebni za odr\u017eavanje ljudske vrste. Ali u takvoj ljudskoj zajednici o\u010digledno ne\u0161to nije bilo dobro, pa je priroda postepeno korigovala prvobitnu gre\u0161ku. Ako je, me\u0111utim, promena izazvana bo\u017eanskom voljom, onda je Bog morao da \u017ertvuje Evina, a ne Adamova rebra!<br \/>\nIpak, ovu teoriju podupiru i neka vrlo komplikovana genetska istra\u017eivanja. U jednom delu DNK bele\u017ee se sve mutacije koje su se ikada dogodile. Poznato je i koliko je vremena potrebno za jednu mutaciju, pa je prema tome utvr\u0111eno da je majka \u010ditavog dana\u0161njeg \u010dove\u010danstva ro\u0111ena u Africi pre vi\u0161e od 200 miliona godina.<br \/>\nAko je tako, onda svet (ljudski) nije nastao nama jedino mogu\u0107im, seksualnim odnosom \u2013 jer se\u00a0 tata\u00a0 rodio dvanaestak miliona godina kasnije: pre 188 miliona godina!<\/p>\n\n<div class=\"jwsharethis\">\nPodelite \u010dlanak: \n<br \/>\n<a href=\"mailto:?subject=Ko%20se%20prvi%20rodio%3A%20mama%20ili%20tata%3F&amp;body=http%3A%2F%2Fkpv.rs%2F%3Fp%3D775\">\n<img src=\"http:\/\/kpv.rs\/wp-content\/plugins\/jw-share-this\/email.png\" alt=\"Podelite putem email-a\" \/>\n<\/a>\n<a target=\"_blank\" href=\"http:\/\/www.facebook.com\/sharer.php?u=http%3A%2F%2Fkpv.rs%2F%3Fp%3D775&amp;t=Ko+se+prvi+rodio%3A+mama+ili+tata%3F\">\n<img src=\"http:\/\/kpv.rs\/wp-content\/plugins\/jw-share-this\/fb.png\" alt=\"Podelite ovaj tekst na facebook-u\" \/>\n<\/a>\n<a target=\"_blank\" href=\"http:\/\/twitter.com\/intent\/tweet?text=I+like+http%3A%2F%2Fkpv.rs%2F%3Fp%3D775&amp;title=Ko+se+prvi+rodio%3A+mama+ili+tata%3F\">\n<img src=\"http:\/\/kpv.rs\/wp-content\/plugins\/jw-share-this\/twitter.png\" alt=\"Podelite putem Twitter-a\" \/>\n<\/a>\n<\/div>\n","protected":false},"excerpt":{"rendered":"<p>&nbsp; &nbsp; &nbsp; &nbsp; &nbsp; Svi su ljudi stvoreni isti \u2013 ali ne u isto vreme (i ne sasvim isti). Profesor Fran\u010desko Zakanti, sa Univerziteta u Bolonji, prvi se usudio da tvrdi da ima razloga da se veruje da su prvi humanoidni stanovnici Zemlje bile \u2013 \u017eene. Podelite \u010dlanak:<\/p>\n","protected":false},"author":53,"featured_media":0,"comment_status":"open","ping_status":"open","sticky":false,"template":"","format":"standard","meta":[],"categories":[34],"tags":[],"_links":{"self":[{"href":"http:\/\/kpv.rs\/index.php?rest_route=\/wp\/v2\/posts\/775"}],"collection":[{"href":"http:\/\/kpv.rs\/index.php?rest_route=\/wp\/v2\/posts"}],"about":[{"href":"http:\/\/kpv.rs\/index.php?rest_route=\/wp\/v2\/types\/post"}],"author":[{"embeddable":true,"href":"http:\/\/kpv.rs\/index.php?rest_route=\/wp\/v2\/users\/53"}],"replies":[{"embeddable":true,"href":"http:\/\/kpv.rs\/index.php?rest_route=%2Fwp%2Fv2%2Fcomments&post=775"}],"version-history":[{"count":2,"href":"http:\/\/kpv.rs\/index.php?rest_route=\/wp\/v2\/posts\/775\/revisions"}],"predecessor-version":[{"id":891,"href":"http:\/\/kpv.rs\/index.php?rest_route=\/wp\/v2\/posts\/775\/revisions\/891"}],"wp:attachment":[{"href":"http:\/\/kpv.rs\/index.php?rest_route=%2Fwp%2Fv2%2Fmedia&parent=775"}],"wp:term":[{"taxonomy":"category","embeddable":true,"href":"http:\/\/kpv.rs\/index.php?rest_route=%2Fwp%2Fv2%2Fcategories&post=775"},{"taxonomy":"post_tag","embeddable":true,"href":"http:\/\/kpv.rs\/index.php?rest_route=%2Fwp%2Fv2%2Ftags&post=775"}],"curies":[{"name":"wp","href":"https:\/\/api.w.org\/{rel}","templated":true}]}}