{"id":945,"date":"2011-07-07T11:55:09","date_gmt":"2011-07-07T11:55:09","guid":{"rendered":"http:\/\/kpv.rs\/?p=945"},"modified":"2012-11-05T06:14:38","modified_gmt":"2012-11-05T06:14:38","slug":"%e2%80%9enada-u-krizi-2012%e2%80%9c","status":"publish","type":"post","link":"http:\/\/kpv.rs\/?p=945","title":{"rendered":"\u201eNada u krizi-2012\u201c"},"content":{"rendered":"<p><em><strong>Re\u010di dr. Broersa koje ostavljaju bez daha, bude nadu, i ohrabruju \u010doveka da se uspravi<\/strong><\/em><\/p>\n<p><em>Priredila i prevela sa nema\u010dkog : Branka Mraz<\/em><\/p>\n<p><strong>Sunce je na\u0161a sudbina<\/strong><\/p>\n<p><a href=\"http:\/\/kpv.rs\/wp-content\/uploads\/2011\/07\/011-04560-01high.jpg\"><img decoding=\"async\" loading=\"lazy\" class=\"alignleft size-medium wp-image-946\" title=\"011-04560-01high\" src=\"http:\/\/kpv.rs\/wp-content\/uploads\/2011\/07\/011-04560-01high-300x234.jpg\" alt=\"\" width=\"300\" height=\"234\" srcset=\"http:\/\/kpv.rs\/wp-content\/uploads\/2011\/07\/011-04560-01high-300x234.jpg 300w, http:\/\/kpv.rs\/wp-content\/uploads\/2011\/07\/011-04560-01high.jpg 400w\" sizes=\"(max-width: 300px) 100vw, 300px\" \/><\/a><\/p>\n<p>&nbsp;<\/p>\n<p>&nbsp;<\/p>\n<p>&nbsp;<\/p>\n<p>&nbsp;<\/p>\n<p>&nbsp;<\/p>\n<p>&nbsp;<\/p>\n<p>&nbsp;<\/p>\n<p>&nbsp;<\/p>\n<p><strong>Re\u010di dr. Broersa:<\/strong><br \/>\n<strong> \u201eDolaze\u0107i doga\u0111aji, oslobodi\u0107e nas iluzije da smo nemo\u0107na bi\u0107a. Mi sami dr\u017eimo u svojoj ruci mo\u0107 da na\u0161u prirodnu bo\u017eanstvenost prepoznamo i prihvatimo.<\/strong><br \/>\n<strong> Na\u0107i \u0107emo se 2012. u savr\u0161eno devi\u010danskoj oblasti \u2013 i mo\u0107i \u0107emo, po prvi put sasvim slobodno, na svim stupnjevima postaviti svoju budu\u0107nost.<\/strong><br \/>\n<strong> Ukoliko taj novoste\u010deni autoritet budemo koristili u prirodnom kontekstu i uspostavili harmoniju, ne\u0107emo vi\u0161e testerisati granu na kojoj sedimo.\u201c<\/strong><br \/>\n\u201eSvako zna kakvu \u017eivost uzrokuje Sunce. Poznajemo promenu godi\u0161njih doba. Znamo da je zimska depresija u vezi sa nedostatkom svetla. Osim tih godi\u0161njih postoje i drugi prirodni ciklusi pri kojima Sunce prolazi razli\u010dite aktivnosti .<br \/>\nKroz emitovanje naelektrisanih \u010destica, elekrtona i protona \u2013 Sun\u010devo zra\u010denje uti\u010de na magnetno polje Zemlje. Poznato je da time vr\u0161i upliv na biolo\u0161ke sisteme.<br \/>\nPostoje nesumljive veze izmedju intenziteta i kolebanja Zemljinog magnetnog polja i raspolo\u017eenja i nivoa svesnosti \u010doveka. Studije pokazuju jasnu povezanost izmedju izvesnih magnetskih nepravilnosti i stope prijema u psihijatrijske klinike, saobra\u0107ajnih udesa, poku\u0161aja samoubistva. Nau\u010dnicima iz NASE, kao prof. Francu Helbergu je uspelo da doka\u017ee direktne veze izme\u0111u nastupa sr\u010danih udara sa magnetnim promenama koje je uzrokovalo Sunce. Mo\u017ee se re\u0107i da znatan deo civilizacijskih bolesti proizilazi od neujedna\u010denosti magnetnog polja.<br \/>\nAli postoje i pozitivni primeri. Svaka promena magnetnog polja dokazano vodi do genijalne inspiracije, nadahnu\u0107a. Vremenske ta\u010dke stvaranja velikih simfonija, pesni\u010dkih dela kao i izuzetnih pronalazaka o\u010digledno stoje u povezanosti sa njima.<\/p>\n<p><strong>Kako na nas uti\u010de magnetno polje?<\/strong><\/p>\n<p>\u0160esdesetih godina NASA je zadala Maks-Plank institutu za psihologiju pona\u0161anja u Andeksu (u Nema\u010dkoj) specijalni nalog. Trebalo je istra\u017eiti kako bi se ljudi pona\u0161ali ako bi bili odse\u010deni od prirodnog elektromagnetskog i magnetskog polja. Vi\u0161e godina su izvo\u0111eni nizovi istra\u017eivanja:<br \/>\nZdravi ispitanici bili su u jednom bunkeru isklju\u010deni od delovanja prorodnog zemljinog magnetnog polja i zemljinih rezonantnih frekvencija. Sve osobe su provele u tom bunkeru vreme po sopstvenom izboru. Mogli su izabrati ritam spavanja, poneti lektiru za \u010ditanje, sve sem jednog: nisu smeli imati kontakt sa spoljnim svetom i bila im je uskra\u0107ena svaka mogu\u0107nost procene ili merenja vremena. Desilo se ne\u0161to uzbudljivo: odmah nakon napu\u0161tanja bunkera bili su pitani koliko su vremena u bunkeru proveli. Pojedini ispitanici bili su ube\u0111eni da su svega nekoliko dana bili u tom stani\u0161tu. Stvarno provedeno vreme bilo je daleko du\u017ee. Primera radi, jedan od njih je objasnio svoje napu\u0161tanje eksperimenta time da mora da ode na sutra\u0161nje ven\u010danje svoga brata. Bio je ube\u0111en da je proveo najvi\u0161e tri dana u bunkeru. U stvarnosti je bio tamo devet dana.<\/p>\n<p><strong>Vreme se poni\u0161tava<\/strong><\/p>\n<p>Ritam spavanja se promenio. Videlo se jasno kako se \u017eenama remeti menstrualni ciklus, kako se telesna temperatura menja i kako ispitanici su pokazuju pove\u0107an stres.<br \/>\nTo zna\u010di: Sve u nama sledi jedan od spolja zadani takt, koji sinnhrinizuje na\u0161e telesne vibracije.<br \/>\nNa\u0161e telo reguli\u0161e brojne sopstvene ritmove kao srce, mozak, o\u010di, \u0107elije. Ovi telesni ritmovi deluju kroz prirodna polja, onako pode\u0161eni kako ih je zemlja za nas priredila. Na\u0161timovani su kao \u0161to su neki stani\u010dni satovi pode\u0161eni prema centralnom satu. Izostanu li ta prirodna polja ili se promene, reagujemo nekom vrstom desinhronizacije.<br \/>\nRezultati eksperimenta predani su tada\u0161njem Svemirskom istra\u017eivanju NASE, ulili su se u oblasti primene za astronaute, koji su po prirodi stvari otrgnuti od prirodnog polja Zemlje. Ovi rezultati su bili i objavljeni.<br \/>\nFenomeni koji uti\u010di na celokupno \u010dove\u010danstvo<br \/>\n\u0160ta je recimo sa padom Berlinskog zida 1989? Autori Adrijan Gilbert i Moris Koterel dokazali su povezanosti izme\u0111u uspona i pada svetskih carstava i odgovaraju\u0107ih Sun\u010devih ciklusa, po\u010dev\u0161i od Vavilonskog pa do Rimskog carstva sve do epohe kulture Maja.<br \/>\nSe\u0107am se dobro rada jednog kolege iz Postdama, koji je imao rukovode\u0107u poziciju na merenjima \u201evarijacija zemljinog magnetizma\u201c. U toj studiji pore\u0111eni su kompleksni merni podatci Zemljinog magnetnog polja sa doga\u0111ajima. Koliko god neverovatno zvu\u010dali rezultati, njegova posmatranja su jasno pokazivala da su se mogle prepoznati fundamentalne promene, sve do ga\u0161enja Sovjetskog Saveza.<br \/>\nOno \u0161to je zapo\u010deto sa Glasno\u0107u i Perestrojkom i do\u017eivelo ozbiljan kraj sa padom Berlinskog zida, on je mogao direktno porediti sa upisanim vrednostima varijacija zemljinog magnetizma.<br \/>\nAstrofizika poznaje Sun\u010deve cikluse i mo\u017ee predvideti budu\u0107e Sun\u010deve aktivnosti<br \/>\nPostoje brojni ciklusi koji nastupaju sa razli\u010ditom u\u010destalo\u0161\u0107u. Uporedimo li ih sa nama poznatim fizi\u010dkim dejstvima rezultira\u0107e jednim instumentom predvi\u0111anja od visokog zna\u010daja.<br \/>\nPrema svim gledi\u0161tima o\u010dekuje nas do 2012.-kada je na\u0161 trenutni Sun\u010dev ciklus na maksimumu-jedna izrazito velika aktivnost Sunca.<br \/>\nMoramo prihvatiti \u010dinjenicu da smo pod uticajem spolja\u0161njinih polja. Kada shvatimo da na\u0161e telo samo elektromagnetski odr\u017eava svoje funkcije i spoznamo da prirodno data spoljna polja upravljaju na\u0161im \u017eivotnim funkcijama, oseti\u0107emo poniznost pred \u201evelikim planom \u017eivota\u201c. Ova vrsta samopredaje nije nikakav fatalizam.<br \/>\nNarod srednje Amerike, Maja, ostavio nam je podatke da \u0107e ta \u201ezadnja epoha vremena\u201c biti usmeravana \u201ekosmi\u010dkim planom\u201c.<br \/>\nTakozvani \u201eSinhronizacioni zrak\u201c \u0107e proiza\u0107i iz centa na\u0161eg Mle\u010dnog puta- da preusmeri na\u0161u Zemlju a s tim i nas ljude. Maje su bili u stanju, da zahvaljuju\u0107i svom izuzetno visoko razvijenom astronomskom znanju, vremenski odrede mnoge velike doga\u0111aje. Njihovi u Tzolkinu, Maja-kalendaru ovekove\u010deni prora\u010duni ozna\u010davaju 2012. godinu kao poslednji, fundamentalni proces promene. Maje to opisuju kao \u201eUspon u petu dimenziju\u201c.<br \/>\nPogledajmo na\u0161, dana\u0161nji svetski polo\u017eaj u njegovom kriznom toku koji upu\u0107uje na veliko finale, tako se mogu obistiniti njihova predvi\u0111anja.<br \/>\nNe\u0107e na nas uticati samo magnetno polje Zemlje i elektromagnetsko zra\u010denje Sunca, ve\u0107 jo\u0161 jedna dalja pode\u0161ena veli\u010dina. Ta zra\u010denja su tek od pre 15 godina merljiva. NASA izve\u0161tava o senzacionalnim de\u0161avanjima, koja deluju skoro identni\u010dno sa tvrdnjama Maja.<br \/>\nSinhronizacioni zrak, o kome su Maje govorile, potvrdili su i astrofizi\u010dari. Oni tvrde, da iz centra na\u0161e Galaksije jedan -dosad dr\u017ean za nemogu\u0107- energetski zrak \u201ekao reflektor iz najdubljih krugova Svemira\u201c zra\u010di usmeren direktno na na\u0161u Zemlju. U toku zadnjih godina su se ta zra\u010denja za vi\u0161e stotina puta povisila.<br \/>\nNakon trideset godina, ka\u017ee Broers, koliko se kre\u0107em u toj tematskoj oblasti, mogu re\u0107i:<br \/>\nPribli\u017eava nam se , upravo, jedan nezamislivi preokret, kojim \u0107e pre svega na\u0161a svesnost biti pogo\u0111ena.<br \/>\n<strong>Vremenski putnici \u2013 Maje i kvantna fizika<\/strong><br \/>\nNauka tu stoji pred velikom zagonetkom. Ponovo se uklju\u010duje u igru kalendar Maja. On ka\u017ee relativno konkretno, \u0161ta \u0107e se kratko pre \u201eKraja vremena\u201c zbiti, naime relativno puno haosa na na\u0161oj planeti. Kao \u0161to je napomenuto kroz taj Sinhronizacioni zrak se sprovodi novo raspore\u0111ivanje Univerzuma.<br \/>\nPostavlja se pitanje o poreklu kalendara Maja. Da li su oni hiljdama godina ranije bili tako dobri astronomi, da su ga sami mogli izraditi ili im je mo\u017eda neka vanzemaljska inteligencija predala kalendar u ruke- kako neki nau\u010dnici slute?<br \/>\nJedno stoji, da su Maje sebe same uvek opisivali kao Vremenske putnike. Vreme, onako kako ga mi znamo je samo jedna dimenzija unutar dvanestdimenzionalne slike sveta.<br \/>\nDanas, preko kvantne fizike, poznajemo da tako\u0111e na\u0161em vremenskom pravci postoji i jedan u suprotnom smeru. Na\u0161e \u0107elije su u stanju da u teku\u0107em vremenu prizovu informaciju. Sada se radi o tome da se to prenese na makrokosmi\u010dki plan. Nisu li Maje mogli biti Vremenski putnici u stanju da pomo\u0107u mnogih stanja svesti sagledavaju razli\u010dite vremenske nivoe? Ta teorija postoji, koliko god izgledala neverovatno.<br \/>\nArheologija je taj kalendar uzimala samo zdravo za gotovo. Opisivan je samo \u010disto fenomenolo\u0161ki. Ali to je ne\u0161to tako frapantno da nauka do danas stoji pred zagonetkom. Maje naprotiv, su bili sigurni da \u0107emo to do\u017eiveti do 2012. Sve se ve\u0107, prema njihovim predanjima, kvazi desilo. Ako bi to bilo tako, mogla bi se mnoga predskazanja Maja sa svim njihovim pogodcima objasniti.<br \/>\nKoliko god da su neki vidovnjaci dobri, nikom nije uspelo da vidi posle 2012. Time mislim na prave vidovnjake. U Rusiji prakticiraju takozvani ekstrasenzitivi koji upra\u017enjavaju gledanje u budu\u0107nost. Osvedo\u010dio sam se da niko nije mogao pre\u0107i kroz barijeru 2012. Prema njima na\u0107i \u0107emo se 2012. u savr\u0161eno devi\u010danskoj oblasti \u2013 i mo\u0107i \u0107emo, po prvi put sasvim slobodno, na svim stupnjevima postaviti svoju budu\u0107nost.<\/p>\n<p><strong>Kako \u0107e se ispoljiti preokret 2012?<\/strong><\/p>\n<p>Sigurno da ne\u0107emo dobiti velike glave ili drugu gra\u0111u tela. Po mojim razmi\u0161ljanjima zbi\u0107e se jedan skok u svesti, kao od \u010doveka ka nad\u010doveku.<br \/>\nSkok nikako ne protivre\u010di teoriji evolucije. Evolucija sledi kosmi\u010dki plan, ne odvija se ravnim tokom ve\u0107 \u201eu skokovima\u201c. Ukoliko vrednosti narastanja iskustva budu dovoljne, nasta\u0107e nova, bolja vrsta \u010doveka.<br \/>\nEvolucija se odvija u skokovima<br \/>\nProfesor Peter Rusel koji je studirao fiziku na Kembrid\u017eu kod Stivena Houkinsa ka\u017ee na to: \u201e\u017divot uvek kora\u010da od jednostavnih ka slo\u017eenijim formama. Strukture su diferenciranije, pojedinosti su sve vi\u0161e me\u0111usobno poveznije i organizovanije. Trenutno najvi\u0161e dostignu\u0107e ovog ubrzanog razvitka je \u010dovek i ljudska civilizacija\u201c.<br \/>\nRasel je prora\u010dunao da \u201eOsam milijardi redova\u201ciznose jednu takvu vrednost narastanja. Na primer, potrebno je oko osam milijardi neurona da stvore svesnost. Nadolaze\u0107i skok svesnosti na Zemlji stoji u tesnoj vezi sa kriti\u010dnom masom broja ljudi a na osam milijardi na\u0107i \u0107emo se uskoro. Koliko god bila fantasti\u010dna ta teorija, mnogi nau\u010dnici je uzimaju za ozbiljno.<br \/>\nTaj proces \u0107emo primetiti tako, pateti\u010dno re\u010deno, \u0161to \u0107emo se setiti svoga kosmi\u010dkog nasle\u0111a. Bi\u0107e nam data mogu\u0107nost da se oslobodimo na\u0161ih zakorelih modela, da se dalje razvijamo, da se oprostimo od starog na\u010dina delanja koje uni\u0161tava na\u0161u Zemlju i na\u0161e dru\u0161tvo, naime od pohlepe gonjene egoizmom.<br \/>\nNe\u0161to se takvo pojavljuje da se mogu izraziti: Bog \u0107e polo\u017eiti ruku. Kao da preduzima malu korekciju.<\/p>\n<p><strong>\u0160ta \u0107e se zbivati u na\u0161im glavama?<\/strong><\/p>\n<p>Takozvani alfa talasi su prag izme\u0111u podsvesti i dnevne svesti. Prekora\u010dujemo ga prili\u010dno brzo dok zaspivamo ili kad se budimo. Kosmi\u010dkim doga\u0111ajem posti\u0107i \u0107e se da \u0107emo se zate\u0107i u tom stanju svesti i u njemu biti zadr\u017eani, tako da \u0107emo u budnom stanju videti stvari koje su pohranjene u nesvesnom. Prepozna\u0107emo na\u0161e traume, na\u0161 prljav ve\u0161 u podrumu. Gde sam vi\u0161e uzeo nego dao. Gde vi\u0161e dao nego primio. Istovremeno \u0107emo uvideti \u0161ta ima da se popravi.<br \/>\nKroz dugogodi\u0161nja nau\u010dna istra\u017eivanja smem da tvrdim, da \u0107e sa ovim, samo mnogostruko ja\u010dim nastupaju\u0107im frekvencijama biti izvedeno isceljenje.<br \/>\nMom timu saradnika i meni je pre mnogo godina uspelo da klini\u010dkim ispitivanjima, pacijente na koje nisu uticale terapije, kroz ta\u010dno definisana magnetska polja prebacimo u stanje, gde je spoznajom uzroka bolesti mogao biti izvoden proces izle\u010denja. O\u010digledno su obolele \u0107elije u\u010dile da ponovo me\u0111usobno komuniciraju, da se socijalizovano ophode. Mikroskopski snimci pokazuju, da bolesne \u0107elije ponovo zapo\u010dinju da se povezuju sa zdravim. Bile su resocijalizovane. Ta polja su vrlo sli\u010dna aktuelnom zemljinom polju i tome kako ono na nas upravo deluje. Nastupanje bolesti povezano je sa odstupanjem od nekog prirodnog puta. Iz te perspektive smo mi deca Bo\u017eja, koja do sada nisu poznavala svoje nasle\u0111e.<br \/>\nZvu\u010di dramati\u010dno, ali u tom trenutku prepozna\u0107emo na\u0161u egzistenciju kao bo\u017eansku i mo\u0107i \u0107emo je je prihvatiti. Tu spoznajem da sam i ja aspekt jedne velike kosmi\u010dke celine, i automatski se pona\u0161am eti\u010dno i socijalizovano.<br \/>\nBolest pojedinca se mo\u017ee uporediti sa bole\u0161\u0107u \u010dove\u010danstva.<br \/>\nSvaka \u0107elija raka se pona\u0161a asocijalno. Uzima vi\u0161e nego \u0161to daje ali zaboravlja da tako ne mo\u017ee pre\u017eiveti. Izvla\u010di svom doma\u0107inu mnoge \u017eivotne osnove a time i sebi samoj. Iskonsko postojanje po meri prirode bazirano je na socijalizovanom opho\u0111enju. Tek kada se \u0107elije raka podsete na svoje vrline, mo\u0107i \u0107e pre\u017eiveti.<br \/>\nTrenutni kosmi\u010dki doga\u0111aji i time rezultiraju\u0107i skok svesti dove\u0161\u0107e nas u novu situaciju.<br \/>\nKraj izrabljivanju, ratovima, uni\u0161tavanju prirode.<br \/>\nZa mene je to \u010din \u201emilosti Bo\u017eje\u201c. Siguran sam da \u0107e se dve stvari desiti koje se ti\u010du na\u0161eg srca i na\u0161eg razuma. Posti\u0107i \u0107e se pro\u0161irenje svesti otvaranjem srca.<br \/>\nFridrih \u0160iler je jo\u0161 rekao: \u201eOd Aristotela na ovamo o\u010digledno nismo ni\u0161ta novo nau\u010dili. Od Aristotela znamo \u0161ta je demokratija. Umemo da razumemo dru\u0161tveni sklop. Ali smo jo\u0161 ostali varvari. Promeni\u0107e se tek onda ne\u0161to, kada srcem po\u010dnemo razumevati\u201c.<br \/>\nPo mom mi\u0161ljenju smo upravo u toj fazi. Tom unutra\u0161njom spoznajom bi\u0107e upravljano na\u0161e delanje. Opremi\u0107e nas sa tolikim stepenom slobode i od nas na\u010diniti slobodne ljude. Ukoliko taj novi autoritet budemo koristili u prirodnom kontekstu i uspostavili harmoniju, ne\u0107emo vi\u0161e testerisati granu na kojoj sedimo.<\/p>\n<p><strong>Svi smo jedno <\/strong><\/p>\n<p>Nedavno sam diskutovao sa izvesnim hri\u0161\u0107anskm vernicima. \u010cak i u njihovim tvrdokornim karakterima odgajenim u strogom teolo\u0161kom kontekstu, ne samo da smo sa ovim predstavama mogli zapo\u010deti razgovor, ve\u0107 su i tekle suze od ganutosti. I to da su ti ljudi pominjali Apokalipsu iz Otkrovenja i druge biblijske atribute.<br \/>\nJo\u0161 iz detinjstva sam upamtio jednu pri\u010du sa nastave veronauke koja mi je bila neshvatljiva. \u201ePore\u0111enje sa izgubljenim sinom\u201c.<br \/>\nZa\u0161to je otac sinova bio nepravedan i kaznio onog ko je ostao u domu a za onog ko se posle lutanja vratio ku\u0107i priredio gozbu? \u0160ta sam sada shvatio, i \u0161ta je ganulo te vernike, da je to pore\u0111enje prenosivo na \u010dove\u010danstvo. Taj sin se dobrovoljno vra\u0107a. Ne naredbom. Ve\u0107 kroz spoznaju iz sopstvenih iskustava.<br \/>\nTo je slika koju vidim. I nju u srcu ose\u0107am. Opremljeni sa postignutim iskustvima koja smo svi stekli, vra\u0107amo se nazad na osnovu spoznanja, da smo svi mi jedno.<br \/>\nDo\u017eiveo sam jedan fenomen sa izno\u0161enjem ovih teza. Puno ljudi je reklo da ne razumeju sasvim ali da vide to kao ispravno. I svakim danom ih je vi\u0161e.<br \/>\n\u017delim jo\u0161 da jedno napomenem:<br \/>\nDolaze\u0107i doga\u0111aji, bilo koje vrste, oslobodi\u0107e nas iluzije da smo nemo\u0107na bi\u0107a. Mi sami dr\u017eimo u svojoj ruci mo\u0107 da na\u0161u prirodnu bo\u017eanstvenost prepoznamo i prihvatimo. Nijedan guru ni u\u010ditelj ni sve\u0161tenik nam ne mo\u017ee u tome pomo\u0107i. Samo mi sami mo\u017eemo spoznati da smo kao individua povezani u jednu harmono\u010dnu celinu.<br \/>\nNeka bi nas na\u0161e traganje spolja darovalo iskustvima da sre\u0107a le\u017ei u nama iznutra. Ako ovo prihvatimo, shvati\u0107emo da je ve\u0107ina na\u0161ih dosada\u0161njih \u017eelja bila samo kompenzacija za ono \u0161to nam je duboko nedostajalo\u201c.<\/p>\n<p>Dr.Dieter Broers je nema\u010dki biofizi\u010dar anga\u017eovan na:<\/p>\n<p>Tehni\u010dkom Univerzitetu u Berlinu<br \/>\nSlobodnom Univerzitetu u Berlinu<br \/>\nHumboldt Univerzitetu u Berlinu<br \/>\nIstra\u017eivao u 80 oblasti frekvencija<br \/>\ni regulacione terapije.<br \/>\nU\u010destvovao i vodio brojna interdisciplnarna istra\u017eivanja iz kojih je proiza\u0161lo 109. internacionalnih patenata. Sa svojim timom zapo\u010deo je novu epohu u medicinskim istra\u017eivanjima iz kojih su napravljeni novi terapijski aparati.<br \/>\nInternacionalno je priznat po istra\u017eivanjima u oblasti frekvencija.<\/p>\n\n<div class=\"jwsharethis\">\nPodelite \u010dlanak: \n<br \/>\n<a href=\"mailto:?subject=%E2%80%9ENada%20u%20krizi-2012%E2%80%9C&amp;body=http%3A%2F%2Fkpv.rs%2F%3Fp%3D945\">\n<img src=\"http:\/\/kpv.rs\/wp-content\/plugins\/jw-share-this\/email.png\" alt=\"Podelite putem email-a\" \/>\n<\/a>\n<a target=\"_blank\" href=\"http:\/\/www.facebook.com\/sharer.php?u=http%3A%2F%2Fkpv.rs%2F%3Fp%3D945&amp;t=%E2%80%9ENada+u+krizi-2012%E2%80%9C\">\n<img src=\"http:\/\/kpv.rs\/wp-content\/plugins\/jw-share-this\/fb.png\" alt=\"Podelite ovaj tekst na facebook-u\" \/>\n<\/a>\n<a target=\"_blank\" href=\"http:\/\/twitter.com\/intent\/tweet?text=I+like+http%3A%2F%2Fkpv.rs%2F%3Fp%3D945&amp;title=%E2%80%9ENada+u+krizi-2012%E2%80%9C\">\n<img src=\"http:\/\/kpv.rs\/wp-content\/plugins\/jw-share-this\/twitter.png\" alt=\"Podelite putem Twitter-a\" \/>\n<\/a>\n<\/div>\n","protected":false},"excerpt":{"rendered":"<p>Re\u010di dr. Broersa koje ostavljaju bez daha, bude nadu, i ohrabruju \u010doveka da se uspravi Priredila i prevela sa nema\u010dkog : Branka Mraz Sunce je na\u0161a sudbina &nbsp; &nbsp; &nbsp; &nbsp; &nbsp; &nbsp; &nbsp; &nbsp; Re\u010di dr. Broersa: \u201eDolaze\u0107i doga\u0111aji, oslobodi\u0107e nas iluzije da smo nemo\u0107na bi\u0107a. Mi sami dr\u017eimo u svojoj ruci mo\u0107 da [&hellip;]<\/p>\n","protected":false},"author":53,"featured_media":0,"comment_status":"open","ping_status":"open","sticky":false,"template":"","format":"standard","meta":[],"categories":[46],"tags":[],"_links":{"self":[{"href":"http:\/\/kpv.rs\/index.php?rest_route=\/wp\/v2\/posts\/945"}],"collection":[{"href":"http:\/\/kpv.rs\/index.php?rest_route=\/wp\/v2\/posts"}],"about":[{"href":"http:\/\/kpv.rs\/index.php?rest_route=\/wp\/v2\/types\/post"}],"author":[{"embeddable":true,"href":"http:\/\/kpv.rs\/index.php?rest_route=\/wp\/v2\/users\/53"}],"replies":[{"embeddable":true,"href":"http:\/\/kpv.rs\/index.php?rest_route=%2Fwp%2Fv2%2Fcomments&post=945"}],"version-history":[{"count":4,"href":"http:\/\/kpv.rs\/index.php?rest_route=\/wp\/v2\/posts\/945\/revisions"}],"predecessor-version":[{"id":2390,"href":"http:\/\/kpv.rs\/index.php?rest_route=\/wp\/v2\/posts\/945\/revisions\/2390"}],"wp:attachment":[{"href":"http:\/\/kpv.rs\/index.php?rest_route=%2Fwp%2Fv2%2Fmedia&parent=945"}],"wp:term":[{"taxonomy":"category","embeddable":true,"href":"http:\/\/kpv.rs\/index.php?rest_route=%2Fwp%2Fv2%2Fcategories&post=945"},{"taxonomy":"post_tag","embeddable":true,"href":"http:\/\/kpv.rs\/index.php?rest_route=%2Fwp%2Fv2%2Ftags&post=945"}],"curies":[{"name":"wp","href":"https:\/\/api.w.org\/{rel}","templated":true}]}}